{"id":16774,"date":"2015-11-06T08:51:28","date_gmt":"2015-11-06T16:51:28","guid":{"rendered":"https:\/\/jaynolan.org\/el-proyecto-de-ley-permitiria-aumentar-la-financiacion-de-los-servicios-de-desarrollo\/"},"modified":"2015-11-06T08:51:28","modified_gmt":"2015-11-06T16:51:28","slug":"el-proyecto-de-ley-permitiria-aumentar-la-financiacion-de-los-servicios-de-desarrollo","status":"publish","type":"post","link":"https:\/\/jaynolan.org\/es\/el-proyecto-de-ley-permitiria-aumentar-la-financiacion-de-los-servicios-de-desarrollo\/","title":{"rendered":"El proyecto de ley permitir\u00eda aumentar la financiaci\u00f3n de los servicios de desarrollo"},"content":{"rendered":"<p>En agosto, cuando todav\u00eda estaba en marcha la sesi\u00f3n especial de la Legislatura sobre atenci\u00f3n sanitaria y servicios de desarrollo, <a href=\"https:\/\/www.dailynews.com\/opinion\/20150824\/all-developmental-funding-bills-x2014-even-republicans-x2014-should-get-a-fair-shot-editorial\" target=\"_blank\" rel=\"noopener noreferrer\">criticamos a los l\u00edderes dem\u00f3cratas<\/a> por no presentar buenos proyectos de ley de sus colegas republicanos.<\/p>\n<p>Ahora, con m\u00e1s de dos meses de retrospectiva a nuestras espaldas, esa inacci\u00f3n obviamente partidista parece a\u00fan peor.<\/p>\n<p>Si el <a href=\"https:\/\/leginfo.legislature.ca.gov\/faces\/billNavClient.xhtml?bill_id=201520162SB4\" target=\"_blank\" rel=\"noopener noreferrer\">proyecto de ley X2-4 del Senado<\/a>, de los republicanos Jim Nielsen y Jeff Stone, hubiera sido aprobado y convertido en ley, estar\u00eda en camino de producir el desesperadamente necesario aumento del 10 por ciento en la financiaci\u00f3n de los servicios de desarrollo que la <a href=\"https:\/\/www.lantermancoalition.org\/\" target=\"_blank\" rel=\"noopener noreferrer\">Coalici\u00f3n Lanterman buscaba<\/a>en el presupuesto 2015-16.<\/p>\n<p>En lugar de ello, el <a href=\"https:\/\/www.dailynews.com\/opinion\/20150618\/an-opportunity-to-improve-lives-of-californians-with-developmental-disabilities-editorial\" target=\"_blank\" rel=\"noopener noreferrer\">gobernador Jerry Brown ha dejado tirada a la comunidad de desarrolladores<\/a> en el proceso presupuestario ordinario y ha recurrido a una sesi\u00f3n especial, que no ha producido nada.<\/p>\n<p>Pero no es demasiado tarde. La sesi\u00f3n especial sigue oficialmente \u00aben marcha\u00bb, con un comit\u00e9 de conferencia Senado-Asamblea formado para abordar el problema. Lamentablemente, esa comisi\u00f3n no ha celebrado ni una sola reuni\u00f3n.<\/p>\n<p>Si siguen ignorando el \u00fanico proyecto de ley que ofrece la esperanza de obtener fondos adicionales para el desarrollo este a\u00f1o fiscal, los l\u00edderes dem\u00f3cratas condenar\u00edan a casi 300.000 de sus electores m\u00e1s vulnerables a otro a\u00f1o de reducci\u00f3n de los servicios.  <a href=\"https:\/\/www.dailynews.com\/opinion\/20150320\/restore-funding-for-those-with-developmental-disabilities-editorial\" target=\"_blank\" rel=\"noopener noreferrer\">Despu\u00e9s de ver c\u00f3mo se reducen los recursos del Estado durante dos d\u00e9cadas<\/a>, eso no es lo que se merece la comunidad de desarrollistas.<\/p>\n<p>Todo lo contrario. Los californianos con discapacidades del desarrollo y sus seres queridos y quienes los cuidan merecen el aumento inmediato del 10 por ciento de la financiaci\u00f3n junto con un plan de ingresos estable que devuelva al sistema el nivel m\u00ednimo de servicios prometido en la Ley Lanterman de 1969.<\/p>\n<p>La SBX2-4 arrastrar\u00eda los ingresos imprevistos -dinero de los impuestos por encima de lo presupuestado para el a\u00f1o fiscal pasado y \u00e9ste- a la financiaci\u00f3n de los servicios de desarrollo y de Medi-Cal. Ordena que el director del Departamento de Finanzas del estado, antes del 10 de enero de 2016, y de nuevo antes del 14 de mayo, determine el exceso de ingresos, reste la cantidad que debe ir a las escuelas en virtud de la Proposici\u00f3n 98 y al fondo de d\u00edas lluviosos del estado en virtud de la Proposici\u00f3n. 2, y destinar el resto a los servicios de desarrollo hasta que se financie ese aumento del 10 por ciento, con car\u00e1cter retroactivo al 1 de julio de 2015; el dinero sobrante despu\u00e9s ir\u00eda a los proveedores de Medi-Cal.<\/p>\n<p>El a\u00f1o fiscal 2014-15 se cerr\u00f3 con 732 millones de d\u00f3lares en ingresos no previstos, seg\u00fan el <a href=\"https:\/\/www.dof.ca.gov\/finance_bulletins\/2015\/july\/\" target=\"_blank\" rel=\"noopener noreferrer\">bolet\u00edn financiero de julio<\/a> del Departamento de Finanzas del Estado. En los tres primeros meses del a\u00f1o fiscal, <a href=\"https:\/\/www.lantermancoalition.org\/\" target=\"_blank\" rel=\"noopener noreferrer\">el departamento informa de que<\/a> \u00ablos ingresos del a\u00f1o hasta la fecha son 744 millones de d\u00f3lares por encima de los 22.855 millones previstos\u00bb.<\/p>\n<p>Eso es f\u00e1cilmente suficiente dinero \u00abextra\u00bb para dar a los servicios de desarrollo el aumento de financiaci\u00f3n del 10%, que costar\u00eda unos 350 millones de d\u00f3lares.<\/p>\n<p>\u00bfCu\u00e1l es el problema?<\/p>\n<p>La Legislatura deber\u00eda simplemente dejar de lado el dinero y aprobar el SBX2-4.<\/p>\n<p>El senador Ed Hern\u00e1ndez, dem\u00f3crata de West Covina, no present\u00f3 la SBX2-4 para ser escuchada como presidente del comit\u00e9 del Senado de la sesi\u00f3n especial. Ahora le instamos a \u00e9l y al asamble\u00edsta Rob Bonta, dem\u00f3crata de Oakland, copresidentes del comit\u00e9 de conferencia sobre servicios de salud y desarrollo, a que convoquen a su comit\u00e9 y escuchen y debatan la SBX2-4 mientras el dinero est\u00e1 llegando a las arcas del estado.<\/p>\n<p>La comunidad de desarrollistas no merece menos.<\/p>\n<p>&nbsp;<\/p>\n<p>Art\u00edculo original: <a title=\"El proyecto de ley permitir\u00eda aumentar la financiaci\u00f3n de los servicios de desarrollo\" href=\"https:\/\/www.dailynews.com\/opinion\/20151030\/bill-would-yield-needed-funding-increase-for-developmental-services\" target=\"_blank\" rel=\"noopener noreferrer\">Noticias del d\u00eda<\/a><\/p>\n","protected":false},"excerpt":{"rendered":"<p>En agosto, cuando todav\u00eda estaba en marcha la sesi\u00f3n especial de la Legislatura sobre atenci\u00f3n sanitaria y servicios de desarrollo, criticamos a los l\u00edderes dem\u00f3cratas por no presentar buenos proyectos [&hellip;]<\/p>\n","protected":false},"author":1,"featured_media":16021,"comment_status":"open","ping_status":"open","sticky":false,"template":"","format":"standard","meta":{"_acf_changed":false,"_price":"","_stock":"","_tribe_ticket_header":"","_tribe_default_ticket_provider":"","_tribe_ticket_capacity":"0","_ticket_start_date":"","_ticket_end_date":"","_tribe_ticket_show_description":"","_tribe_ticket_show_not_going":false,"_tribe_ticket_use_global_stock":"","_tribe_ticket_global_stock_level":"","_global_stock_mode":"","_global_stock_cap":"","_tribe_rsvp_for_event":"","_tribe_ticket_going_count":"","_tribe_ticket_not_going_count":"","_tribe_tickets_list":"[]","_tribe_ticket_has_attendee_info_fields":false,"footnotes":""},"categories":[112],"tags":[],"class_list":["post-16774","post","type-post","status-publish","format-standard","has-post-thumbnail","hentry","category-noticias-y-articulos"],"acf":[],"yoast_head":"<!-- This site is optimized with the Yoast SEO plugin v27.5 - https:\/\/yoast.com\/product\/yoast-seo-wordpress\/ -->\n<title>El proyecto de ley permitir\u00eda aumentar la financiaci\u00f3n de los servicios de desarrollo<\/title>\n<meta name=\"description\" content=\"Los californianos con discapacidades del desarrollo y sus seres queridos y quienes los cuidan merecen el aumento inmediato del 10 por ciento de la financiaci\u00f3n. JayNolan.org\" \/>\n<meta name=\"robots\" content=\"index, follow, max-snippet:-1, max-image-preview:large, max-video-preview:-1\" \/>\n<link rel=\"canonical\" href=\"https:\/\/jaynolan.org\/es\/el-proyecto-de-ley-permitiria-aumentar-la-financiacion-de-los-servicios-de-desarrollo\/\" \/>\n<meta property=\"og:locale\" content=\"es_ES\" \/>\n<meta property=\"og:type\" content=\"article\" \/>\n<meta property=\"og:title\" content=\"El proyecto de ley permitir\u00eda aumentar la financiaci\u00f3n de los servicios de desarrollo\" \/>\n<meta property=\"og:description\" content=\"Los californianos con discapacidades del desarrollo y sus seres queridos y quienes los cuidan merecen el aumento inmediato del 10 por ciento de la financiaci\u00f3n. JayNolan.org\" \/>\n<meta property=\"og:url\" content=\"https:\/\/jaynolan.org\/es\/el-proyecto-de-ley-permitiria-aumentar-la-financiacion-de-los-servicios-de-desarrollo\/\" \/>\n<meta property=\"og:site_name\" content=\"Jay Nolan Community Services\" \/>\n<meta property=\"article:publisher\" content=\"https:\/\/www.facebook.com\/JayNolanCommunityServices\/\" \/>\n<meta property=\"article:published_time\" content=\"2015-11-06T16:51:28+00:00\" \/>\n<meta property=\"og:image\" content=\"https:\/\/jaynolan.org\/wp-content\/uploads\/2015\/12\/jncs-logo-generic.jpg\" \/>\n\t<meta property=\"og:image:width\" content=\"1024\" \/>\n\t<meta property=\"og:image:height\" content=\"769\" \/>\n\t<meta property=\"og:image:type\" content=\"image\/jpeg\" \/>\n<meta name=\"author\" content=\"JNCS\" \/>\n<meta name=\"twitter:card\" content=\"summary_large_image\" \/>\n<meta name=\"twitter:creator\" content=\"@jaynolanorg\" \/>\n<meta name=\"twitter:site\" content=\"@jaynolanorg\" \/>\n<meta name=\"twitter:label1\" content=\"Escrito por\" \/>\n\t<meta name=\"twitter:data1\" content=\"JNCS\" \/>\n\t<meta name=\"twitter:label2\" content=\"Tiempo de lectura\" \/>\n\t<meta name=\"twitter:data2\" content=\"3 minutos\" \/>\n<script type=\"application\/ld+json\" class=\"yoast-schema-graph\">{\"@context\":\"https:\\\/\\\/schema.org\",\"@graph\":[{\"@type\":\"Article\",\"@id\":\"https:\\\/\\\/jaynolan.org\\\/es\\\/el-proyecto-de-ley-permitiria-aumentar-la-financiacion-de-los-servicios-de-desarrollo\\\/#article\",\"isPartOf\":{\"@id\":\"https:\\\/\\\/jaynolan.org\\\/es\\\/el-proyecto-de-ley-permitiria-aumentar-la-financiacion-de-los-servicios-de-desarrollo\\\/\"},\"author\":{\"name\":\"JNCS\",\"@id\":\"https:\\\/\\\/jaynolan.org\\\/es\\\/#\\\/schema\\\/person\\\/3e6acd7a42c4377b4e19d71048ca2109\"},\"headline\":\"El proyecto de ley permitir\u00eda aumentar la financiaci\u00f3n de los servicios de desarrollo\",\"datePublished\":\"2015-11-06T16:51:28+00:00\",\"mainEntityOfPage\":{\"@id\":\"https:\\\/\\\/jaynolan.org\\\/es\\\/el-proyecto-de-ley-permitiria-aumentar-la-financiacion-de-los-servicios-de-desarrollo\\\/\"},\"wordCount\":664,\"commentCount\":0,\"publisher\":{\"@id\":\"https:\\\/\\\/jaynolan.org\\\/es\\\/#organization\"},\"image\":{\"@id\":\"https:\\\/\\\/jaynolan.org\\\/es\\\/el-proyecto-de-ley-permitiria-aumentar-la-financiacion-de-los-servicios-de-desarrollo\\\/#primaryimage\"},\"thumbnailUrl\":\"https:\\\/\\\/jaynolan.org\\\/wp-content\\\/uploads\\\/2015\\\/12\\\/jncs-logo-generic.jpg\",\"articleSection\":[\"Noticias y art\u00edculos\"],\"inLanguage\":\"es\",\"potentialAction\":[{\"@type\":\"CommentAction\",\"name\":\"Comment\",\"target\":[\"https:\\\/\\\/jaynolan.org\\\/es\\\/el-proyecto-de-ley-permitiria-aumentar-la-financiacion-de-los-servicios-de-desarrollo\\\/#respond\"]}]},{\"@type\":\"WebPage\",\"@id\":\"https:\\\/\\\/jaynolan.org\\\/es\\\/el-proyecto-de-ley-permitiria-aumentar-la-financiacion-de-los-servicios-de-desarrollo\\\/\",\"url\":\"https:\\\/\\\/jaynolan.org\\\/es\\\/el-proyecto-de-ley-permitiria-aumentar-la-financiacion-de-los-servicios-de-desarrollo\\\/\",\"name\":\"El proyecto de ley permitir\u00eda aumentar la financiaci\u00f3n de los servicios de desarrollo\",\"isPartOf\":{\"@id\":\"https:\\\/\\\/jaynolan.org\\\/es\\\/#website\"},\"primaryImageOfPage\":{\"@id\":\"https:\\\/\\\/jaynolan.org\\\/es\\\/el-proyecto-de-ley-permitiria-aumentar-la-financiacion-de-los-servicios-de-desarrollo\\\/#primaryimage\"},\"image\":{\"@id\":\"https:\\\/\\\/jaynolan.org\\\/es\\\/el-proyecto-de-ley-permitiria-aumentar-la-financiacion-de-los-servicios-de-desarrollo\\\/#primaryimage\"},\"thumbnailUrl\":\"https:\\\/\\\/jaynolan.org\\\/wp-content\\\/uploads\\\/2015\\\/12\\\/jncs-logo-generic.jpg\",\"datePublished\":\"2015-11-06T16:51:28+00:00\",\"description\":\"Los californianos con discapacidades del desarrollo y sus seres queridos y quienes los cuidan merecen el aumento inmediato del 10 por ciento de la financiaci\u00f3n. JayNolan.org\",\"breadcrumb\":{\"@id\":\"https:\\\/\\\/jaynolan.org\\\/es\\\/el-proyecto-de-ley-permitiria-aumentar-la-financiacion-de-los-servicios-de-desarrollo\\\/#breadcrumb\"},\"inLanguage\":\"es\",\"potentialAction\":[{\"@type\":\"ReadAction\",\"target\":[\"https:\\\/\\\/jaynolan.org\\\/es\\\/el-proyecto-de-ley-permitiria-aumentar-la-financiacion-de-los-servicios-de-desarrollo\\\/\"]}]},{\"@type\":\"ImageObject\",\"inLanguage\":\"es\",\"@id\":\"https:\\\/\\\/jaynolan.org\\\/es\\\/el-proyecto-de-ley-permitiria-aumentar-la-financiacion-de-los-servicios-de-desarrollo\\\/#primaryimage\",\"url\":\"https:\\\/\\\/jaynolan.org\\\/wp-content\\\/uploads\\\/2015\\\/12\\\/jncs-logo-generic.jpg\",\"contentUrl\":\"https:\\\/\\\/jaynolan.org\\\/wp-content\\\/uploads\\\/2015\\\/12\\\/jncs-logo-generic.jpg\",\"width\":1024,\"height\":769},{\"@type\":\"BreadcrumbList\",\"@id\":\"https:\\\/\\\/jaynolan.org\\\/es\\\/el-proyecto-de-ley-permitiria-aumentar-la-financiacion-de-los-servicios-de-desarrollo\\\/#breadcrumb\",\"itemListElement\":[{\"@type\":\"ListItem\",\"position\":1,\"name\":\"Home\",\"item\":\"https:\\\/\\\/jaynolan.org\\\/es\\\/\"},{\"@type\":\"ListItem\",\"position\":2,\"name\":\"El proyecto de ley permitir\u00eda aumentar la financiaci\u00f3n de los servicios de desarrollo\"}]},{\"@type\":\"WebSite\",\"@id\":\"https:\\\/\\\/jaynolan.org\\\/es\\\/#website\",\"url\":\"https:\\\/\\\/jaynolan.org\\\/es\\\/\",\"name\":\"Jay Nolan Community Services\",\"description\":\"Making a difference since 1975\",\"publisher\":{\"@id\":\"https:\\\/\\\/jaynolan.org\\\/es\\\/#organization\"},\"potentialAction\":[{\"@type\":\"SearchAction\",\"target\":{\"@type\":\"EntryPoint\",\"urlTemplate\":\"https:\\\/\\\/jaynolan.org\\\/es\\\/?s={search_term_string}\"},\"query-input\":{\"@type\":\"PropertyValueSpecification\",\"valueRequired\":true,\"valueName\":\"search_term_string\"}}],\"inLanguage\":\"es\"},{\"@type\":\"Organization\",\"@id\":\"https:\\\/\\\/jaynolan.org\\\/es\\\/#organization\",\"name\":\"Jay Nolan Community Service\",\"url\":\"https:\\\/\\\/jaynolan.org\\\/es\\\/\",\"logo\":{\"@type\":\"ImageObject\",\"inLanguage\":\"es\",\"@id\":\"https:\\\/\\\/jaynolan.org\\\/es\\\/#\\\/schema\\\/logo\\\/image\\\/\",\"url\":\"https:\\\/\\\/jaynolan.org\\\/wp-content\\\/uploads\\\/2019\\\/04\\\/jncs6.png\",\"contentUrl\":\"https:\\\/\\\/jaynolan.org\\\/wp-content\\\/uploads\\\/2019\\\/04\\\/jncs6.png\",\"width\":200,\"height\":60,\"caption\":\"Jay Nolan Community Service\"},\"image\":{\"@id\":\"https:\\\/\\\/jaynolan.org\\\/es\\\/#\\\/schema\\\/logo\\\/image\\\/\"},\"sameAs\":[\"https:\\\/\\\/www.facebook.com\\\/JayNolanCommunityServices\\\/\",\"https:\\\/\\\/x.com\\\/jaynolanorg\",\"https:\\\/\\\/www.linkedin.com\\\/company\\\/jay-nolan-community-services\"]},{\"@type\":\"Person\",\"@id\":\"https:\\\/\\\/jaynolan.org\\\/es\\\/#\\\/schema\\\/person\\\/3e6acd7a42c4377b4e19d71048ca2109\",\"name\":\"JNCS\"}]}<\/script>\n<!-- \/ Yoast SEO plugin. -->","yoast_head_json":{"title":"El proyecto de ley permitir\u00eda aumentar la financiaci\u00f3n de los servicios de desarrollo","description":"Los californianos con discapacidades del desarrollo y sus seres queridos y quienes los cuidan merecen el aumento inmediato del 10 por ciento de la financiaci\u00f3n. JayNolan.org","robots":{"index":"index","follow":"follow","max-snippet":"max-snippet:-1","max-image-preview":"max-image-preview:large","max-video-preview":"max-video-preview:-1"},"canonical":"https:\/\/jaynolan.org\/es\/el-proyecto-de-ley-permitiria-aumentar-la-financiacion-de-los-servicios-de-desarrollo\/","og_locale":"es_ES","og_type":"article","og_title":"El proyecto de ley permitir\u00eda aumentar la financiaci\u00f3n de los servicios de desarrollo","og_description":"Los californianos con discapacidades del desarrollo y sus seres queridos y quienes los cuidan merecen el aumento inmediato del 10 por ciento de la financiaci\u00f3n. JayNolan.org","og_url":"https:\/\/jaynolan.org\/es\/el-proyecto-de-ley-permitiria-aumentar-la-financiacion-de-los-servicios-de-desarrollo\/","og_site_name":"Jay Nolan Community Services","article_publisher":"https:\/\/www.facebook.com\/JayNolanCommunityServices\/","article_published_time":"2015-11-06T16:51:28+00:00","og_image":[{"width":1024,"height":769,"url":"https:\/\/jaynolan.org\/wp-content\/uploads\/2015\/12\/jncs-logo-generic.jpg","type":"image\/jpeg"}],"author":"JNCS","twitter_card":"summary_large_image","twitter_creator":"@jaynolanorg","twitter_site":"@jaynolanorg","twitter_misc":{"Escrito por":"JNCS","Tiempo de lectura":"3 minutos"},"schema":{"@context":"https:\/\/schema.org","@graph":[{"@type":"Article","@id":"https:\/\/jaynolan.org\/es\/el-proyecto-de-ley-permitiria-aumentar-la-financiacion-de-los-servicios-de-desarrollo\/#article","isPartOf":{"@id":"https:\/\/jaynolan.org\/es\/el-proyecto-de-ley-permitiria-aumentar-la-financiacion-de-los-servicios-de-desarrollo\/"},"author":{"name":"JNCS","@id":"https:\/\/jaynolan.org\/es\/#\/schema\/person\/3e6acd7a42c4377b4e19d71048ca2109"},"headline":"El proyecto de ley permitir\u00eda aumentar la financiaci\u00f3n de los servicios de desarrollo","datePublished":"2015-11-06T16:51:28+00:00","mainEntityOfPage":{"@id":"https:\/\/jaynolan.org\/es\/el-proyecto-de-ley-permitiria-aumentar-la-financiacion-de-los-servicios-de-desarrollo\/"},"wordCount":664,"commentCount":0,"publisher":{"@id":"https:\/\/jaynolan.org\/es\/#organization"},"image":{"@id":"https:\/\/jaynolan.org\/es\/el-proyecto-de-ley-permitiria-aumentar-la-financiacion-de-los-servicios-de-desarrollo\/#primaryimage"},"thumbnailUrl":"https:\/\/jaynolan.org\/wp-content\/uploads\/2015\/12\/jncs-logo-generic.jpg","articleSection":["Noticias y art\u00edculos"],"inLanguage":"es","potentialAction":[{"@type":"CommentAction","name":"Comment","target":["https:\/\/jaynolan.org\/es\/el-proyecto-de-ley-permitiria-aumentar-la-financiacion-de-los-servicios-de-desarrollo\/#respond"]}]},{"@type":"WebPage","@id":"https:\/\/jaynolan.org\/es\/el-proyecto-de-ley-permitiria-aumentar-la-financiacion-de-los-servicios-de-desarrollo\/","url":"https:\/\/jaynolan.org\/es\/el-proyecto-de-ley-permitiria-aumentar-la-financiacion-de-los-servicios-de-desarrollo\/","name":"El proyecto de ley permitir\u00eda aumentar la financiaci\u00f3n de los servicios de desarrollo","isPartOf":{"@id":"https:\/\/jaynolan.org\/es\/#website"},"primaryImageOfPage":{"@id":"https:\/\/jaynolan.org\/es\/el-proyecto-de-ley-permitiria-aumentar-la-financiacion-de-los-servicios-de-desarrollo\/#primaryimage"},"image":{"@id":"https:\/\/jaynolan.org\/es\/el-proyecto-de-ley-permitiria-aumentar-la-financiacion-de-los-servicios-de-desarrollo\/#primaryimage"},"thumbnailUrl":"https:\/\/jaynolan.org\/wp-content\/uploads\/2015\/12\/jncs-logo-generic.jpg","datePublished":"2015-11-06T16:51:28+00:00","description":"Los californianos con discapacidades del desarrollo y sus seres queridos y quienes los cuidan merecen el aumento inmediato del 10 por ciento de la financiaci\u00f3n. JayNolan.org","breadcrumb":{"@id":"https:\/\/jaynolan.org\/es\/el-proyecto-de-ley-permitiria-aumentar-la-financiacion-de-los-servicios-de-desarrollo\/#breadcrumb"},"inLanguage":"es","potentialAction":[{"@type":"ReadAction","target":["https:\/\/jaynolan.org\/es\/el-proyecto-de-ley-permitiria-aumentar-la-financiacion-de-los-servicios-de-desarrollo\/"]}]},{"@type":"ImageObject","inLanguage":"es","@id":"https:\/\/jaynolan.org\/es\/el-proyecto-de-ley-permitiria-aumentar-la-financiacion-de-los-servicios-de-desarrollo\/#primaryimage","url":"https:\/\/jaynolan.org\/wp-content\/uploads\/2015\/12\/jncs-logo-generic.jpg","contentUrl":"https:\/\/jaynolan.org\/wp-content\/uploads\/2015\/12\/jncs-logo-generic.jpg","width":1024,"height":769},{"@type":"BreadcrumbList","@id":"https:\/\/jaynolan.org\/es\/el-proyecto-de-ley-permitiria-aumentar-la-financiacion-de-los-servicios-de-desarrollo\/#breadcrumb","itemListElement":[{"@type":"ListItem","position":1,"name":"Home","item":"https:\/\/jaynolan.org\/es\/"},{"@type":"ListItem","position":2,"name":"El proyecto de ley permitir\u00eda aumentar la financiaci\u00f3n de los servicios de desarrollo"}]},{"@type":"WebSite","@id":"https:\/\/jaynolan.org\/es\/#website","url":"https:\/\/jaynolan.org\/es\/","name":"Jay Nolan Community Services","description":"Making a difference since 1975","publisher":{"@id":"https:\/\/jaynolan.org\/es\/#organization"},"potentialAction":[{"@type":"SearchAction","target":{"@type":"EntryPoint","urlTemplate":"https:\/\/jaynolan.org\/es\/?s={search_term_string}"},"query-input":{"@type":"PropertyValueSpecification","valueRequired":true,"valueName":"search_term_string"}}],"inLanguage":"es"},{"@type":"Organization","@id":"https:\/\/jaynolan.org\/es\/#organization","name":"Jay Nolan Community Service","url":"https:\/\/jaynolan.org\/es\/","logo":{"@type":"ImageObject","inLanguage":"es","@id":"https:\/\/jaynolan.org\/es\/#\/schema\/logo\/image\/","url":"https:\/\/jaynolan.org\/wp-content\/uploads\/2019\/04\/jncs6.png","contentUrl":"https:\/\/jaynolan.org\/wp-content\/uploads\/2019\/04\/jncs6.png","width":200,"height":60,"caption":"Jay Nolan Community Service"},"image":{"@id":"https:\/\/jaynolan.org\/es\/#\/schema\/logo\/image\/"},"sameAs":["https:\/\/www.facebook.com\/JayNolanCommunityServices\/","https:\/\/x.com\/jaynolanorg","https:\/\/www.linkedin.com\/company\/jay-nolan-community-services"]},{"@type":"Person","@id":"https:\/\/jaynolan.org\/es\/#\/schema\/person\/3e6acd7a42c4377b4e19d71048ca2109","name":"JNCS"}]}},"_links":{"self":[{"href":"https:\/\/jaynolan.org\/es\/wp-json\/wp\/v2\/posts\/16774","targetHints":{"allow":["GET"]}}],"collection":[{"href":"https:\/\/jaynolan.org\/es\/wp-json\/wp\/v2\/posts"}],"about":[{"href":"https:\/\/jaynolan.org\/es\/wp-json\/wp\/v2\/types\/post"}],"author":[{"embeddable":true,"href":"https:\/\/jaynolan.org\/es\/wp-json\/wp\/v2\/users\/1"}],"replies":[{"embeddable":true,"href":"https:\/\/jaynolan.org\/es\/wp-json\/wp\/v2\/comments?post=16774"}],"version-history":[{"count":0,"href":"https:\/\/jaynolan.org\/es\/wp-json\/wp\/v2\/posts\/16774\/revisions"}],"wp:featuredmedia":[{"embeddable":true,"href":"https:\/\/jaynolan.org\/es\/wp-json\/wp\/v2\/media\/16021"}],"wp:attachment":[{"href":"https:\/\/jaynolan.org\/es\/wp-json\/wp\/v2\/media?parent=16774"}],"wp:term":[{"taxonomy":"category","embeddable":true,"href":"https:\/\/jaynolan.org\/es\/wp-json\/wp\/v2\/categories?post=16774"},{"taxonomy":"post_tag","embeddable":true,"href":"https:\/\/jaynolan.org\/es\/wp-json\/wp\/v2\/tags?post=16774"}],"curies":[{"name":"wp","href":"https:\/\/api.w.org\/{rel}","templated":true}]}}