{"id":17160,"date":"2021-09-15T02:39:11","date_gmt":"2021-09-15T09:39:11","guid":{"rendered":"https:\/\/jaynolan.org\/semana-de-reconocimiento-profesional-de-soporte-directo-2021\/"},"modified":"2025-10-10T09:53:30","modified_gmt":"2025-10-10T16:53:30","slug":"semana-de-reconocimiento-profesional-de-soporte-directo-2021","status":"publish","type":"post","link":"https:\/\/jaynolan.org\/es\/semana-de-reconocimiento-profesional-de-soporte-directo-2021\/","title":{"rendered":"Semana de reconocimiento profesional de soporte directo 2021"},"content":{"rendered":"<p><a href=\"https:\/\/www.ancor.org\/2021-direct-support-professional-recognition-week\" target=\"_blank\" rel=\"noopener\">Direct Support Professional (DSP) Recognition week<\/a> (12 al 18 de septiembre de 2021) celebra y honra a los DSP de todo el pa\u00eds. Los DSP son el coraz\u00f3n y el alma de nuestra misi\u00f3n de ayudar a las personas con discapacidades a empoderarse, incluirse y acogerse en nuestras comunidades.<\/p>\n<p><strong>El personal de Jay Nolan en el centro de atenci\u00f3n<\/strong><\/p>\n<p>Este a\u00f1o, queremos destacar algunos de los DSP absolutamente incre\u00edbles de nuestra agencia. Les estamos muy agradecidos por sus corazones compasivos, su dedicaci\u00f3n al servicio, sus abundantes habilidades y su compromiso con las personas a las que tenemos el privilegio de apoyar. \u00a1Gracias, gracias, gracias!<\/p>\n<div id='gallery-1' class='gallery galleryid-17160 gallery-columns-2 gallery-size-full'><figure class='gallery-item'>\n\t\t\t<div class='gallery-icon portrait'>\n\t\t\t\t<a href='https:\/\/jaynolan.org\/es\/dsp-blog_ji-hyeon-2-2\/'><img fetchpriority=\"high\" decoding=\"async\" width=\"533\" height=\"800\" src=\"https:\/\/jaynolan.org\/wp-content\/uploads\/2021\/09\/dsp-blog_ji-hyeon-1.jpg\" class=\"attachment-full size-full\" alt=\"\" aria-describedby=\"gallery-1-16442\" srcset=\"https:\/\/jaynolan.org\/wp-content\/uploads\/2021\/09\/dsp-blog_ji-hyeon-1.jpg 533w, https:\/\/jaynolan.org\/wp-content\/uploads\/2021\/09\/dsp-blog_ji-hyeon-1-200x300.jpg 200w\" sizes=\"(max-width: 533px) 100vw, 533px\" \/><\/a>\n\t\t\t<\/div>\n\t\t\t\t<figcaption class='wp-caption-text gallery-caption' id='gallery-1-16442'>\n\t\t\t\tJi Hyeon Chung: Ji Hyeon has been working for Family Support Services at JNCS since Oct 2016. She is a hard-working mother of two teenagers, supporting Loreen and Brian.\n\t\t\t\t<\/figcaption><\/figure><figure class='gallery-item'>\n\t\t\t<div class='gallery-icon portrait'>\n\t\t\t\t<a href='https:\/\/jaynolan.org\/es\/dsp-blog_cecilia-2\/'><img decoding=\"async\" width=\"533\" height=\"800\" src=\"https:\/\/jaynolan.org\/wp-content\/uploads\/2021\/09\/dsp-blog_cecilia.jpg\" class=\"attachment-full size-full\" alt=\"\" aria-describedby=\"gallery-1-16439\" srcset=\"https:\/\/jaynolan.org\/wp-content\/uploads\/2021\/09\/dsp-blog_cecilia.jpg 533w, https:\/\/jaynolan.org\/wp-content\/uploads\/2021\/09\/dsp-blog_cecilia-200x300.jpg 200w\" sizes=\"(max-width: 533px) 100vw, 533px\" \/><\/a>\n\t\t\t<\/div>\n\t\t\t\t<figcaption class='wp-caption-text gallery-caption' id='gallery-1-16439'>\n\t\t\t\tCecilia Mitchell: Cecilia has worked for JNCS for 20 years! Thank you so so much for you hard work and dedication to Stacy and our agency.\n\t\t\t\t<\/figcaption><\/figure><figure class='gallery-item'>\n\t\t\t<div class='gallery-icon portrait'>\n\t\t\t\t<a href='https:\/\/jaynolan.org\/es\/dsp-blog_sandra-2\/'><img decoding=\"async\" width=\"533\" height=\"800\" src=\"https:\/\/jaynolan.org\/wp-content\/uploads\/2021\/09\/dsp-blog_sandra.jpg\" class=\"attachment-full size-full\" alt=\"\" aria-describedby=\"gallery-1-16441\" srcset=\"https:\/\/jaynolan.org\/wp-content\/uploads\/2021\/09\/dsp-blog_sandra.jpg 533w, https:\/\/jaynolan.org\/wp-content\/uploads\/2021\/09\/dsp-blog_sandra-200x300.jpg 200w\" sizes=\"(max-width: 533px) 100vw, 533px\" \/><\/a>\n\t\t\t<\/div>\n\t\t\t\t<figcaption class='wp-caption-text gallery-caption' id='gallery-1-16441'>\n\t\t\t\tSandra Iguardia: Sandra has worked with Valerie for 19 years. Her hard work and dedication is truly an inspiration!\n\t\t\t\t<\/figcaption><\/figure><figure class='gallery-item'>\n\t\t\t<div class='gallery-icon portrait'>\n\t\t\t\t<a href='https:\/\/jaynolan.org\/es\/dsp-blog_stanley-2\/'><img loading=\"lazy\" decoding=\"async\" width=\"533\" height=\"800\" src=\"https:\/\/jaynolan.org\/wp-content\/uploads\/2021\/09\/dsp-blog_stanley.jpg\" class=\"attachment-full size-full\" alt=\"\" aria-describedby=\"gallery-1-16438\" srcset=\"https:\/\/jaynolan.org\/wp-content\/uploads\/2021\/09\/dsp-blog_stanley.jpg 533w, https:\/\/jaynolan.org\/wp-content\/uploads\/2021\/09\/dsp-blog_stanley-200x300.jpg 200w\" sizes=\"(max-width: 533px) 100vw, 533px\" \/><\/a>\n\t\t\t<\/div>\n\t\t\t\t<figcaption class='wp-caption-text gallery-caption' id='gallery-1-16438'>\n\t\t\t\tStanley Augh: Stanley has been working for the JNCS Family Support department since 2012. As a father of autistic son, he has been supporting Min Hyo Jung for 9 years.\n\t\t\t\t<\/figcaption><\/figure>\n\t\t<\/div>\n\n<p><strong>Un agradecimiento muy especial: Irene Valencia<\/strong><\/p>\n<p>Irene lleva 26 a\u00f1os en la agencia apoyando a Gloria, que el pr\u00f3ximo mes cumplir\u00e1 74 a\u00f1os. A lo largo de los a\u00f1os, Irene realmente ha aceptado a Glo como miembro de su familia. De hecho, Irene ya estaba apoyando a Glo cuando estaba embarazada de su hija, Serenity, \u00a1quien ahora forma parte del personal de apoyo de Glo!<\/p>\n<p><span style=\"font-style: inherit;font-weight: inherit\">  <\/span><span style=\"font-style: inherit;font-weight: inherit\">Irene y Gloria pasaron muchos cap\u00edtulos de sus vidas juntas y ambas se han ayudado a crecer. Irene siempre ha visto que Glo tiene las mujeres capaces e inteligentes que es. En el pasado, Glo soport\u00f3 una vida traum\u00e1tica de estar en el Hospital Estatal de Camarillo cuando era una adolescente hasta la edad adulta. Irene la conoci\u00f3 cuando fue dada de alta del hospital y estuvo a su lado en Vida con Apoyo en Jay Nolan cuando estaba experimentando desaf\u00edos y muchas personas habr\u00edan renunciado. Irene se mantuvo al lado de Glo a pesar de todo porque cre\u00eda en ella y conoc\u00eda su potencial de superaci\u00f3n. <\/span><\/p>\n<p><span style=\"font-style: inherit;font-weight: inherit\">  <\/span><span style=\"font-style: inherit;font-weight: inherit\">Glo ahora enfrenta un cap\u00edtulo diferente de su vida con los \u00aba\u00f1os dorados\u00bb. Ella est\u00e1 envejeciendo y cada vez le resulta m\u00e1s dif\u00edcil realizar las tareas b\u00e1sicas diarias y su visi\u00f3n est\u00e1 disminuyendo. Desafortunadamente, recientemente tambi\u00e9n sufri\u00f3 una ca\u00edda que le provoc\u00f3 una lesi\u00f3n en la cabeza. Irene una vez m\u00e1s dio un paso adelante y la cuid\u00f3 las 24 horas del d\u00eda para ayudarla a recuperarse y ha vuelto casi por completo a su estado normal. Ser testigo de c\u00f3mo Irene le asegura a Glo que puede superar esta ca\u00edda y ser fuerte de nuevo es tan admirable. <\/span><\/p>\n<p><span style=\"font-style: inherit;font-weight: inherit\"> <\/span><span style=\"font-style: inherit;font-weight: inherit\">Su fuerte v\u00ednculo entre ellos realmente captura los valores de Jay Nolan y nuestra misi\u00f3n de garantizar que cada persona tenga el apoyo para vivir una vida valiosa en sus propios t\u00e9rminos. \u00a1Gracias, Irene, por tu compasi\u00f3n, tu dedicaci\u00f3n y tu conmovedora voluntad de hacer de Glo una parte de tu vida y de tu familia! <\/span><\/p>\n<div id='gallery-2' class='gallery galleryid-17160 gallery-columns-3 gallery-size-full'><figure class='gallery-item'>\n\t\t\t<div class='gallery-icon portrait'>\n\t\t\t\t<a href='https:\/\/jaynolan.org\/es\/dsp-blog_irene-3-2\/'><img loading=\"lazy\" decoding=\"async\" width=\"533\" height=\"800\" src=\"https:\/\/jaynolan.org\/wp-content\/uploads\/2021\/09\/dsp-blog_irene-3.jpg\" class=\"attachment-full size-full\" alt=\"\" srcset=\"https:\/\/jaynolan.org\/wp-content\/uploads\/2021\/09\/dsp-blog_irene-3.jpg 533w, https:\/\/jaynolan.org\/wp-content\/uploads\/2021\/09\/dsp-blog_irene-3-200x300.jpg 200w\" sizes=\"(max-width: 533px) 100vw, 533px\" \/><\/a>\n\t\t\t<\/div><\/figure><figure class='gallery-item'>\n\t\t\t<div class='gallery-icon portrait'>\n\t\t\t\t<a href='https:\/\/jaynolan.org\/es\/dsp-blog_irene-1-2\/'><img loading=\"lazy\" decoding=\"async\" width=\"533\" height=\"800\" src=\"https:\/\/jaynolan.org\/wp-content\/uploads\/2021\/09\/dsp-blog_irene-1.jpg\" class=\"attachment-full size-full\" alt=\"\" srcset=\"https:\/\/jaynolan.org\/wp-content\/uploads\/2021\/09\/dsp-blog_irene-1.jpg 533w, https:\/\/jaynolan.org\/wp-content\/uploads\/2021\/09\/dsp-blog_irene-1-200x300.jpg 200w\" sizes=\"(max-width: 533px) 100vw, 533px\" \/><\/a>\n\t\t\t<\/div><\/figure><figure class='gallery-item'>\n\t\t\t<div class='gallery-icon portrait'>\n\t\t\t\t<a href='https:\/\/jaynolan.org\/es\/dsp-blog_irene-2-2\/'><img loading=\"lazy\" decoding=\"async\" width=\"533\" height=\"800\" src=\"https:\/\/jaynolan.org\/wp-content\/uploads\/2021\/09\/dsp-blog_irene-2.jpg\" class=\"attachment-full size-full\" alt=\"\" srcset=\"https:\/\/jaynolan.org\/wp-content\/uploads\/2021\/09\/dsp-blog_irene-2.jpg 533w, https:\/\/jaynolan.org\/wp-content\/uploads\/2021\/09\/dsp-blog_irene-2-200x300.jpg 200w\" sizes=\"(max-width: 533px) 100vw, 533px\" \/><\/a>\n\t\t\t<\/div><\/figure>\n\t\t<\/div>\n\n<p>&nbsp;<\/p>\n<p><strong>\u00a1Gracias DSP!<\/strong><\/p>\n<p>\u00a1Gracias a todos los DSP de Jay Nolan Community Services! Eres el pilar que hace realidad nuestra misi\u00f3n en el vivir de las personas cada d\u00eda.<\/p>\n<hr>\n<p>\u00bfEst\u00e1 interesado en una carrera significativa que tenga un impacto real? Check out our <strong><a href=\"https:\/\/jaynolan.org\/company\/job-openings\/\">Job Opportunities<\/a><\/strong>and apply today!<\/p>\n","protected":false},"excerpt":{"rendered":"<p>Direct Support Professional (DSP) Recognition week (12 al 18 de septiembre de 2021) celebra y honra a los DSP de todo el pa\u00eds. Los DSP son el coraz\u00f3n y el [&hellip;]<\/p>\n","protected":false},"author":4,"featured_media":16443,"comment_status":"open","ping_status":"open","sticky":false,"template":"","format":"standard","meta":{"_acf_changed":false,"_price":"","_stock":"","_tribe_ticket_header":"","_tribe_default_ticket_provider":"","_tribe_ticket_capacity":"","_ticket_start_date":"","_ticket_end_date":"","_tribe_ticket_show_description":"","_tribe_ticket_show_not_going":false,"_tribe_ticket_use_global_stock":"","_tribe_ticket_global_stock_level":"","_global_stock_mode":"","_global_stock_cap":"","_tribe_rsvp_for_event":"","_tribe_ticket_going_count":"","_tribe_ticket_not_going_count":"","_tribe_tickets_list":"[]","_tribe_ticket_has_attendee_info_fields":false,"footnotes":""},"categories":[112,151,138],"tags":[],"class_list":["post-17160","post","type-post","status-publish","format-standard","has-post-thumbnail","hentry","category-noticias-y-articulos","category-pagina-delantera","category-portal-del-empleado"],"acf":[],"yoast_head":"<!-- This site is optimized with the Yoast SEO plugin v27.5 - https:\/\/yoast.com\/product\/yoast-seo-wordpress\/ -->\n<title>Semana de reconocimiento profesional de soporte directo 2021 - Jay Nolan Community Services<\/title>\n<meta name=\"description\" content=\"La semana de reconocimiento de Direct Support Professional (DSP) (del 12 al 18 de septiembre de 2021) celebra y honra a los DSP de todo el pa\u00eds.\" \/>\n<meta name=\"robots\" content=\"index, follow, max-snippet:-1, max-image-preview:large, max-video-preview:-1\" \/>\n<link rel=\"canonical\" href=\"https:\/\/jaynolan.org\/es\/semana-de-reconocimiento-profesional-de-soporte-directo-2021\/\" \/>\n<meta property=\"og:locale\" content=\"es_ES\" \/>\n<meta property=\"og:type\" content=\"article\" \/>\n<meta property=\"og:title\" content=\"Semana de reconocimiento profesional de soporte directo 2021 - Jay Nolan Community Services\" \/>\n<meta property=\"og:description\" content=\"La semana de reconocimiento de Direct Support Professional (DSP) (del 12 al 18 de septiembre de 2021) celebra y honra a los DSP de todo el pa\u00eds.\" \/>\n<meta property=\"og:url\" content=\"https:\/\/jaynolan.org\/es\/semana-de-reconocimiento-profesional-de-soporte-directo-2021\/\" \/>\n<meta property=\"og:site_name\" content=\"Jay Nolan Community Services\" \/>\n<meta property=\"article:publisher\" content=\"https:\/\/www.facebook.com\/JayNolanCommunityServices\/\" \/>\n<meta property=\"article:published_time\" content=\"2021-09-15T09:39:11+00:00\" \/>\n<meta property=\"article:modified_time\" content=\"2025-10-10T16:53:30+00:00\" \/>\n<meta property=\"og:image\" content=\"https:\/\/jaynolan.org\/wp-content\/uploads\/2021\/09\/dsp-week-2021-logo.png\" \/>\n\t<meta property=\"og:image:width\" content=\"600\" \/>\n\t<meta property=\"og:image:height\" content=\"417\" \/>\n\t<meta property=\"og:image:type\" content=\"image\/png\" \/>\n<meta name=\"author\" content=\"Marina Gavryushkina\" \/>\n<meta name=\"twitter:card\" content=\"summary_large_image\" \/>\n<meta name=\"twitter:creator\" content=\"@jaynolanorg\" \/>\n<meta name=\"twitter:site\" content=\"@jaynolanorg\" \/>\n<meta name=\"twitter:label1\" content=\"Escrito por\" \/>\n\t<meta name=\"twitter:data1\" content=\"Marina Gavryushkina\" \/>\n\t<meta name=\"twitter:label2\" content=\"Tiempo de lectura\" \/>\n\t<meta name=\"twitter:data2\" content=\"3 minutos\" \/>\n<script type=\"application\/ld+json\" class=\"yoast-schema-graph\">{\"@context\":\"https:\\\/\\\/schema.org\",\"@graph\":[{\"@type\":\"Article\",\"@id\":\"https:\\\/\\\/jaynolan.org\\\/es\\\/semana-de-reconocimiento-profesional-de-soporte-directo-2021\\\/#article\",\"isPartOf\":{\"@id\":\"https:\\\/\\\/jaynolan.org\\\/es\\\/semana-de-reconocimiento-profesional-de-soporte-directo-2021\\\/\"},\"author\":{\"name\":\"Marina Gavryushkina\",\"@id\":\"https:\\\/\\\/jaynolan.org\\\/es\\\/#\\\/schema\\\/person\\\/14248571453a8e9c117019f8ed491cc2\"},\"headline\":\"Semana de reconocimiento profesional de soporte directo 2021\",\"datePublished\":\"2021-09-15T09:39:11+00:00\",\"dateModified\":\"2025-10-10T16:53:30+00:00\",\"mainEntityOfPage\":{\"@id\":\"https:\\\/\\\/jaynolan.org\\\/es\\\/semana-de-reconocimiento-profesional-de-soporte-directo-2021\\\/\"},\"wordCount\":529,\"commentCount\":0,\"publisher\":{\"@id\":\"https:\\\/\\\/jaynolan.org\\\/es\\\/#organization\"},\"image\":{\"@id\":\"https:\\\/\\\/jaynolan.org\\\/es\\\/semana-de-reconocimiento-profesional-de-soporte-directo-2021\\\/#primaryimage\"},\"thumbnailUrl\":\"https:\\\/\\\/jaynolan.org\\\/wp-content\\\/uploads\\\/2021\\\/09\\\/dsp-week-2021-logo.png\",\"articleSection\":[\"Noticias y art\u00edculos\",\"P\u00e1gina delantera\",\"Portal del Empleado\"],\"inLanguage\":\"es\",\"potentialAction\":[{\"@type\":\"CommentAction\",\"name\":\"Comment\",\"target\":[\"https:\\\/\\\/jaynolan.org\\\/es\\\/semana-de-reconocimiento-profesional-de-soporte-directo-2021\\\/#respond\"]}]},{\"@type\":\"WebPage\",\"@id\":\"https:\\\/\\\/jaynolan.org\\\/es\\\/semana-de-reconocimiento-profesional-de-soporte-directo-2021\\\/\",\"url\":\"https:\\\/\\\/jaynolan.org\\\/es\\\/semana-de-reconocimiento-profesional-de-soporte-directo-2021\\\/\",\"name\":\"Semana de reconocimiento profesional de soporte directo 2021 - Jay Nolan Community Services\",\"isPartOf\":{\"@id\":\"https:\\\/\\\/jaynolan.org\\\/es\\\/#website\"},\"primaryImageOfPage\":{\"@id\":\"https:\\\/\\\/jaynolan.org\\\/es\\\/semana-de-reconocimiento-profesional-de-soporte-directo-2021\\\/#primaryimage\"},\"image\":{\"@id\":\"https:\\\/\\\/jaynolan.org\\\/es\\\/semana-de-reconocimiento-profesional-de-soporte-directo-2021\\\/#primaryimage\"},\"thumbnailUrl\":\"https:\\\/\\\/jaynolan.org\\\/wp-content\\\/uploads\\\/2021\\\/09\\\/dsp-week-2021-logo.png\",\"datePublished\":\"2021-09-15T09:39:11+00:00\",\"dateModified\":\"2025-10-10T16:53:30+00:00\",\"description\":\"La semana de reconocimiento de Direct Support Professional (DSP) (del 12 al 18 de septiembre de 2021) celebra y honra a los DSP de todo el pa\u00eds.\",\"breadcrumb\":{\"@id\":\"https:\\\/\\\/jaynolan.org\\\/es\\\/semana-de-reconocimiento-profesional-de-soporte-directo-2021\\\/#breadcrumb\"},\"inLanguage\":\"es\",\"potentialAction\":[{\"@type\":\"ReadAction\",\"target\":[\"https:\\\/\\\/jaynolan.org\\\/es\\\/semana-de-reconocimiento-profesional-de-soporte-directo-2021\\\/\"]}]},{\"@type\":\"ImageObject\",\"inLanguage\":\"es\",\"@id\":\"https:\\\/\\\/jaynolan.org\\\/es\\\/semana-de-reconocimiento-profesional-de-soporte-directo-2021\\\/#primaryimage\",\"url\":\"https:\\\/\\\/jaynolan.org\\\/wp-content\\\/uploads\\\/2021\\\/09\\\/dsp-week-2021-logo.png\",\"contentUrl\":\"https:\\\/\\\/jaynolan.org\\\/wp-content\\\/uploads\\\/2021\\\/09\\\/dsp-week-2021-logo.png\",\"width\":600,\"height\":417},{\"@type\":\"BreadcrumbList\",\"@id\":\"https:\\\/\\\/jaynolan.org\\\/es\\\/semana-de-reconocimiento-profesional-de-soporte-directo-2021\\\/#breadcrumb\",\"itemListElement\":[{\"@type\":\"ListItem\",\"position\":1,\"name\":\"Home\",\"item\":\"https:\\\/\\\/jaynolan.org\\\/es\\\/\"},{\"@type\":\"ListItem\",\"position\":2,\"name\":\"Semana de reconocimiento profesional de soporte directo 2021\"}]},{\"@type\":\"WebSite\",\"@id\":\"https:\\\/\\\/jaynolan.org\\\/es\\\/#website\",\"url\":\"https:\\\/\\\/jaynolan.org\\\/es\\\/\",\"name\":\"Jay Nolan Community Services\",\"description\":\"Making a difference since 1975\",\"publisher\":{\"@id\":\"https:\\\/\\\/jaynolan.org\\\/es\\\/#organization\"},\"potentialAction\":[{\"@type\":\"SearchAction\",\"target\":{\"@type\":\"EntryPoint\",\"urlTemplate\":\"https:\\\/\\\/jaynolan.org\\\/es\\\/?s={search_term_string}\"},\"query-input\":{\"@type\":\"PropertyValueSpecification\",\"valueRequired\":true,\"valueName\":\"search_term_string\"}}],\"inLanguage\":\"es\"},{\"@type\":\"Organization\",\"@id\":\"https:\\\/\\\/jaynolan.org\\\/es\\\/#organization\",\"name\":\"Jay Nolan Community Service\",\"url\":\"https:\\\/\\\/jaynolan.org\\\/es\\\/\",\"logo\":{\"@type\":\"ImageObject\",\"inLanguage\":\"es\",\"@id\":\"https:\\\/\\\/jaynolan.org\\\/es\\\/#\\\/schema\\\/logo\\\/image\\\/\",\"url\":\"https:\\\/\\\/jaynolan.org\\\/wp-content\\\/uploads\\\/2019\\\/04\\\/jncs6.png\",\"contentUrl\":\"https:\\\/\\\/jaynolan.org\\\/wp-content\\\/uploads\\\/2019\\\/04\\\/jncs6.png\",\"width\":200,\"height\":60,\"caption\":\"Jay Nolan Community Service\"},\"image\":{\"@id\":\"https:\\\/\\\/jaynolan.org\\\/es\\\/#\\\/schema\\\/logo\\\/image\\\/\"},\"sameAs\":[\"https:\\\/\\\/www.facebook.com\\\/JayNolanCommunityServices\\\/\",\"https:\\\/\\\/x.com\\\/jaynolanorg\",\"https:\\\/\\\/www.linkedin.com\\\/company\\\/jay-nolan-community-services\"]},{\"@type\":\"Person\",\"@id\":\"https:\\\/\\\/jaynolan.org\\\/es\\\/#\\\/schema\\\/person\\\/14248571453a8e9c117019f8ed491cc2\",\"name\":\"Marina Gavryushkina\",\"description\":\"Marina is the Manager of Communications &amp; Development at Jay Nolan Community Services. Her role includes outreach and spreading awareness of the mission of the organization through storytelling, social media, and other online communications efforts. Marina is a lifelong learner and holds as a Bachelors degree from the University of California, Berkeley, and an Masters degree from Leiden University in the Netherlands.\"}]}<\/script>\n<!-- \/ Yoast SEO plugin. -->","yoast_head_json":{"title":"Semana de reconocimiento profesional de soporte directo 2021 - Jay Nolan Community Services","description":"La semana de reconocimiento de Direct Support Professional (DSP) (del 12 al 18 de septiembre de 2021) celebra y honra a los DSP de todo el pa\u00eds.","robots":{"index":"index","follow":"follow","max-snippet":"max-snippet:-1","max-image-preview":"max-image-preview:large","max-video-preview":"max-video-preview:-1"},"canonical":"https:\/\/jaynolan.org\/es\/semana-de-reconocimiento-profesional-de-soporte-directo-2021\/","og_locale":"es_ES","og_type":"article","og_title":"Semana de reconocimiento profesional de soporte directo 2021 - Jay Nolan Community Services","og_description":"La semana de reconocimiento de Direct Support Professional (DSP) (del 12 al 18 de septiembre de 2021) celebra y honra a los DSP de todo el pa\u00eds.","og_url":"https:\/\/jaynolan.org\/es\/semana-de-reconocimiento-profesional-de-soporte-directo-2021\/","og_site_name":"Jay Nolan Community Services","article_publisher":"https:\/\/www.facebook.com\/JayNolanCommunityServices\/","article_published_time":"2021-09-15T09:39:11+00:00","article_modified_time":"2025-10-10T16:53:30+00:00","og_image":[{"width":600,"height":417,"url":"https:\/\/jaynolan.org\/wp-content\/uploads\/2021\/09\/dsp-week-2021-logo.png","type":"image\/png"}],"author":"Marina Gavryushkina","twitter_card":"summary_large_image","twitter_creator":"@jaynolanorg","twitter_site":"@jaynolanorg","twitter_misc":{"Escrito por":"Marina Gavryushkina","Tiempo de lectura":"3 minutos"},"schema":{"@context":"https:\/\/schema.org","@graph":[{"@type":"Article","@id":"https:\/\/jaynolan.org\/es\/semana-de-reconocimiento-profesional-de-soporte-directo-2021\/#article","isPartOf":{"@id":"https:\/\/jaynolan.org\/es\/semana-de-reconocimiento-profesional-de-soporte-directo-2021\/"},"author":{"name":"Marina Gavryushkina","@id":"https:\/\/jaynolan.org\/es\/#\/schema\/person\/14248571453a8e9c117019f8ed491cc2"},"headline":"Semana de reconocimiento profesional de soporte directo 2021","datePublished":"2021-09-15T09:39:11+00:00","dateModified":"2025-10-10T16:53:30+00:00","mainEntityOfPage":{"@id":"https:\/\/jaynolan.org\/es\/semana-de-reconocimiento-profesional-de-soporte-directo-2021\/"},"wordCount":529,"commentCount":0,"publisher":{"@id":"https:\/\/jaynolan.org\/es\/#organization"},"image":{"@id":"https:\/\/jaynolan.org\/es\/semana-de-reconocimiento-profesional-de-soporte-directo-2021\/#primaryimage"},"thumbnailUrl":"https:\/\/jaynolan.org\/wp-content\/uploads\/2021\/09\/dsp-week-2021-logo.png","articleSection":["Noticias y art\u00edculos","P\u00e1gina delantera","Portal del Empleado"],"inLanguage":"es","potentialAction":[{"@type":"CommentAction","name":"Comment","target":["https:\/\/jaynolan.org\/es\/semana-de-reconocimiento-profesional-de-soporte-directo-2021\/#respond"]}]},{"@type":"WebPage","@id":"https:\/\/jaynolan.org\/es\/semana-de-reconocimiento-profesional-de-soporte-directo-2021\/","url":"https:\/\/jaynolan.org\/es\/semana-de-reconocimiento-profesional-de-soporte-directo-2021\/","name":"Semana de reconocimiento profesional de soporte directo 2021 - Jay Nolan Community Services","isPartOf":{"@id":"https:\/\/jaynolan.org\/es\/#website"},"primaryImageOfPage":{"@id":"https:\/\/jaynolan.org\/es\/semana-de-reconocimiento-profesional-de-soporte-directo-2021\/#primaryimage"},"image":{"@id":"https:\/\/jaynolan.org\/es\/semana-de-reconocimiento-profesional-de-soporte-directo-2021\/#primaryimage"},"thumbnailUrl":"https:\/\/jaynolan.org\/wp-content\/uploads\/2021\/09\/dsp-week-2021-logo.png","datePublished":"2021-09-15T09:39:11+00:00","dateModified":"2025-10-10T16:53:30+00:00","description":"La semana de reconocimiento de Direct Support Professional (DSP) (del 12 al 18 de septiembre de 2021) celebra y honra a los DSP de todo el pa\u00eds.","breadcrumb":{"@id":"https:\/\/jaynolan.org\/es\/semana-de-reconocimiento-profesional-de-soporte-directo-2021\/#breadcrumb"},"inLanguage":"es","potentialAction":[{"@type":"ReadAction","target":["https:\/\/jaynolan.org\/es\/semana-de-reconocimiento-profesional-de-soporte-directo-2021\/"]}]},{"@type":"ImageObject","inLanguage":"es","@id":"https:\/\/jaynolan.org\/es\/semana-de-reconocimiento-profesional-de-soporte-directo-2021\/#primaryimage","url":"https:\/\/jaynolan.org\/wp-content\/uploads\/2021\/09\/dsp-week-2021-logo.png","contentUrl":"https:\/\/jaynolan.org\/wp-content\/uploads\/2021\/09\/dsp-week-2021-logo.png","width":600,"height":417},{"@type":"BreadcrumbList","@id":"https:\/\/jaynolan.org\/es\/semana-de-reconocimiento-profesional-de-soporte-directo-2021\/#breadcrumb","itemListElement":[{"@type":"ListItem","position":1,"name":"Home","item":"https:\/\/jaynolan.org\/es\/"},{"@type":"ListItem","position":2,"name":"Semana de reconocimiento profesional de soporte directo 2021"}]},{"@type":"WebSite","@id":"https:\/\/jaynolan.org\/es\/#website","url":"https:\/\/jaynolan.org\/es\/","name":"Jay Nolan Community Services","description":"Making a difference since 1975","publisher":{"@id":"https:\/\/jaynolan.org\/es\/#organization"},"potentialAction":[{"@type":"SearchAction","target":{"@type":"EntryPoint","urlTemplate":"https:\/\/jaynolan.org\/es\/?s={search_term_string}"},"query-input":{"@type":"PropertyValueSpecification","valueRequired":true,"valueName":"search_term_string"}}],"inLanguage":"es"},{"@type":"Organization","@id":"https:\/\/jaynolan.org\/es\/#organization","name":"Jay Nolan Community Service","url":"https:\/\/jaynolan.org\/es\/","logo":{"@type":"ImageObject","inLanguage":"es","@id":"https:\/\/jaynolan.org\/es\/#\/schema\/logo\/image\/","url":"https:\/\/jaynolan.org\/wp-content\/uploads\/2019\/04\/jncs6.png","contentUrl":"https:\/\/jaynolan.org\/wp-content\/uploads\/2019\/04\/jncs6.png","width":200,"height":60,"caption":"Jay Nolan Community Service"},"image":{"@id":"https:\/\/jaynolan.org\/es\/#\/schema\/logo\/image\/"},"sameAs":["https:\/\/www.facebook.com\/JayNolanCommunityServices\/","https:\/\/x.com\/jaynolanorg","https:\/\/www.linkedin.com\/company\/jay-nolan-community-services"]},{"@type":"Person","@id":"https:\/\/jaynolan.org\/es\/#\/schema\/person\/14248571453a8e9c117019f8ed491cc2","name":"Marina Gavryushkina","description":"Marina is the Manager of Communications &amp; Development at Jay Nolan Community Services. Her role includes outreach and spreading awareness of the mission of the organization through storytelling, social media, and other online communications efforts. Marina is a lifelong learner and holds as a Bachelors degree from the University of California, Berkeley, and an Masters degree from Leiden University in the Netherlands."}]}},"_links":{"self":[{"href":"https:\/\/jaynolan.org\/es\/wp-json\/wp\/v2\/posts\/17160","targetHints":{"allow":["GET"]}}],"collection":[{"href":"https:\/\/jaynolan.org\/es\/wp-json\/wp\/v2\/posts"}],"about":[{"href":"https:\/\/jaynolan.org\/es\/wp-json\/wp\/v2\/types\/post"}],"author":[{"embeddable":true,"href":"https:\/\/jaynolan.org\/es\/wp-json\/wp\/v2\/users\/4"}],"replies":[{"embeddable":true,"href":"https:\/\/jaynolan.org\/es\/wp-json\/wp\/v2\/comments?post=17160"}],"version-history":[{"count":1,"href":"https:\/\/jaynolan.org\/es\/wp-json\/wp\/v2\/posts\/17160\/revisions"}],"predecessor-version":[{"id":30652,"href":"https:\/\/jaynolan.org\/es\/wp-json\/wp\/v2\/posts\/17160\/revisions\/30652"}],"wp:featuredmedia":[{"embeddable":true,"href":"https:\/\/jaynolan.org\/es\/wp-json\/wp\/v2\/media\/16443"}],"wp:attachment":[{"href":"https:\/\/jaynolan.org\/es\/wp-json\/wp\/v2\/media?parent=17160"}],"wp:term":[{"taxonomy":"category","embeddable":true,"href":"https:\/\/jaynolan.org\/es\/wp-json\/wp\/v2\/categories?post=17160"},{"taxonomy":"post_tag","embeddable":true,"href":"https:\/\/jaynolan.org\/es\/wp-json\/wp\/v2\/tags?post=17160"}],"curies":[{"name":"wp","href":"https:\/\/api.w.org\/{rel}","templated":true}]}}