{"id":17162,"date":"2021-08-15T05:25:28","date_gmt":"2021-08-15T12:25:28","guid":{"rendered":"https:\/\/jaynolan.org\/actualizacion-de-agosto-de-2021-del-ceo-edward-amey\/"},"modified":"2025-10-10T09:53:35","modified_gmt":"2025-10-10T16:53:35","slug":"actualizacion-de-agosto-de-2021-del-ceo-edward-amey","status":"publish","type":"post","link":"https:\/\/jaynolan.org\/es\/actualizacion-de-agosto-de-2021-del-ceo-edward-amey\/","title":{"rendered":"Actualizaci\u00f3n de agosto de 2021 del CEO Edward Amey"},"content":{"rendered":"<p><img decoding=\"async\" class=\"alignleft wp-image-7192 \" src=\"https:\/\/jaynolan.org\/wp-content\/uploads\/2019\/09\/edward-2018-e1568634686525.jpg\" alt=\"\" width=\"199\" height=\"234\" srcset=\"https:\/\/jaynolan.org\/wp-content\/uploads\/2019\/09\/edward-2018-e1568634686525.jpg 230w, https:\/\/jaynolan.org\/wp-content\/uploads\/2019\/09\/edward-2018-e1568634686525-221x260.jpg 221w\" sizes=\"(max-width: 199px) 100vw, 199px\" \/><\/p>\n<p>\u00a1Felices y calurosos d\u00edas de agosto!<\/p>\n<p>Con las temperaturas en aumento, \u00a1no puedo creer que ya estemos en agosto! Los ni\u00f1os y los maestros se est\u00e1n preparando para regresar a la escuela en un entorno completamente nuevo. Hemos tenido una monta\u00f1a rusa de viaje, sin duda. Las vacunas est\u00e1n ampliamente disponibles, los negocios, los viajes y otras cosas se abren nuevamente, luego nuevas variantes de COVID causan preocupaciones y posibles nuevas directivas de nuestros gobiernos federal, estatal y local. Con todo eso, todav\u00eda hay esperanza y optimismo. Porque el esp\u00edritu humano es vital, valiente y creativo. Disfrutemos de estos d\u00edas m\u00e1s largos y la oportunidad de salir a caminar con amigos o familiares, compartir tiempo al aire libre y revitalizar nuestro cuerpo y esp\u00edritu.<\/p>\n<p>Me gusta la vibra del verano, creando nuevas experiencias y recuerdos. Las nuevas experiencias son una parte importante de la vida. Este es el n\u00facleo de nuestra promesa aqu\u00ed en Jay Nolan. Como he estado compartiendo con ustedes a lo largo de este desaf\u00edo pand\u00e9mico, estamos participando en el \u201cahora\u201d, mientras planificamos para el futuro. We are still making<a href=\"https:\/\/jaynolan.org\/es\/empresa\/sobre-nosotros\/\"> the mission of Jay Nolan Community Services<\/a> real in the lives of people every day. Porque el entorno actual en el que nos encontramos, no cambia el hecho de que toda persona tiene derecho a la b\u00fasqueda de la felicidad. Y prometemos ser parte de esa b\u00fasqueda y apoyarla. \u00a1Que cada uno de ustedes experimente nuevas y maravillosas experiencias este mes y todos los d\u00edas a lo largo del camino!<\/p>\n<p>Como dijo el maravilloso autor estadounidense, psicoterapeuta y orador motivacional, Richard Carlson, \u201clas circunstancias no hacen a una persona; lo revelan a \u00e9l o ella\u201d. Jay Nolan Community Services se ha comprometido a ser un socio de por vida para las personas que tenemos el privilegio de apoyar en su b\u00fasqueda de la felicidad. Somos testigos de su incre\u00edble car\u00e1cter, compromiso y contribuciones. Creemos que una comunidad de diversidad e inclusi\u00f3n, donde todos sus miembros tienen la oportunidad de buscar la felicidad, es tan hermosa como un c\u00e1lido d\u00eda de verano.<\/p>\n<p>Gracias por su apoyo y compromiso con Jay Nolan y su misi\u00f3n.<\/p>\n<p><img decoding=\"async\" class=\"alignnone wp-image-7190\" src=\"https:\/\/jaynolan.org\/wp-content\/uploads\/2019\/09\/ed-amey-signature.jpg\" alt=\"\" width=\"194\" height=\"65\"><\/p>\n<p>Eduardo Amey, director ejecutivo<\/p>\n<p>&nbsp;<\/p>\n<hr>\n<p>Reciba las noticias de la JNCS en su buz\u00f3n.<strong><a href=\"http:\/\/eepurl.com\/cBSSXz\">Inscr\u00edbase<\/a><\/strong>para nuestro bolet\u00edn mensual.<\/p>\n","protected":false},"excerpt":{"rendered":"<p>\u00a1Felices y calurosos d\u00edas de agosto! Con las temperaturas en aumento, \u00a1no puedo creer que ya estemos en agosto! Los ni\u00f1os y los maestros se est\u00e1n preparando para regresar a [&hellip;]<\/p>\n","protected":false},"author":4,"featured_media":16428,"comment_status":"open","ping_status":"closed","sticky":false,"template":"","format":"standard","meta":{"_acf_changed":false,"_price":"","_stock":"","_tribe_ticket_header":"","_tribe_default_ticket_provider":"","_tribe_ticket_capacity":"0","_ticket_start_date":"","_ticket_end_date":"","_tribe_ticket_show_description":"","_tribe_ticket_show_not_going":false,"_tribe_ticket_use_global_stock":"","_tribe_ticket_global_stock_level":"","_global_stock_mode":"","_global_stock_cap":"","_tribe_rsvp_for_event":"","_tribe_ticket_going_count":"","_tribe_ticket_not_going_count":"","_tribe_tickets_list":"[]","_tribe_ticket_has_attendee_info_fields":false,"footnotes":""},"categories":[119],"tags":[],"class_list":["post-17162","post","type-post","status-publish","format-standard","has-post-thumbnail","hentry","category-anuncios"],"acf":[],"yoast_head":"<!-- This site is optimized with the Yoast SEO plugin v27.5 - https:\/\/yoast.com\/product\/yoast-seo-wordpress\/ -->\n<title>Actualizaci\u00f3n de agosto de 2021 del CEO Edward Amey - Jay Nolan Community Services<\/title>\n<meta name=\"description\" content=\"El clima es c\u00e1lido, las cosas se est\u00e1n abriendo nuevamente, estamos saliendo en comunidad nuevamente y m\u00e1s y m\u00e1s personas est\u00e1n siendo vacunadas.\" \/>\n<meta name=\"robots\" content=\"index, follow, max-snippet:-1, max-image-preview:large, max-video-preview:-1\" \/>\n<link rel=\"canonical\" href=\"https:\/\/jaynolan.org\/es\/actualizacion-de-agosto-de-2021-del-ceo-edward-amey\/\" \/>\n<meta property=\"og:locale\" content=\"es_ES\" \/>\n<meta property=\"og:type\" content=\"article\" \/>\n<meta property=\"og:title\" content=\"Actualizaci\u00f3n de agosto de 2021 del CEO Edward Amey - Jay Nolan Community Services\" \/>\n<meta property=\"og:description\" content=\"El clima es c\u00e1lido, las cosas se est\u00e1n abriendo nuevamente, estamos saliendo en comunidad nuevamente y m\u00e1s y m\u00e1s personas est\u00e1n siendo vacunadas.\" \/>\n<meta property=\"og:url\" content=\"https:\/\/jaynolan.org\/es\/actualizacion-de-agosto-de-2021-del-ceo-edward-amey\/\" \/>\n<meta property=\"og:site_name\" content=\"Jay Nolan Community Services\" \/>\n<meta property=\"article:publisher\" content=\"https:\/\/www.facebook.com\/JayNolanCommunityServices\/\" \/>\n<meta property=\"article:published_time\" content=\"2021-08-15T12:25:28+00:00\" \/>\n<meta property=\"article:modified_time\" content=\"2025-10-10T16:53:35+00:00\" \/>\n<meta property=\"og:image\" content=\"https:\/\/jaynolan.org\/wp-content\/uploads\/2021\/08\/edwards-messages.jpg\" \/>\n\t<meta property=\"og:image:width\" content=\"1024\" \/>\n\t<meta property=\"og:image:height\" content=\"768\" \/>\n\t<meta property=\"og:image:type\" content=\"image\/jpeg\" \/>\n<meta name=\"author\" content=\"Marina Gavryushkina\" \/>\n<meta name=\"twitter:card\" content=\"summary_large_image\" \/>\n<meta name=\"twitter:creator\" content=\"@jaynolanorg\" \/>\n<meta name=\"twitter:site\" content=\"@jaynolanorg\" \/>\n<meta name=\"twitter:label1\" content=\"Escrito por\" \/>\n\t<meta name=\"twitter:data1\" content=\"Marina Gavryushkina\" \/>\n\t<meta name=\"twitter:label2\" content=\"Tiempo de lectura\" \/>\n\t<meta name=\"twitter:data2\" content=\"2 minutos\" \/>\n<script type=\"application\/ld+json\" class=\"yoast-schema-graph\">{\"@context\":\"https:\\\/\\\/schema.org\",\"@graph\":[{\"@type\":\"Article\",\"@id\":\"https:\\\/\\\/jaynolan.org\\\/es\\\/actualizacion-de-agosto-de-2021-del-ceo-edward-amey\\\/#article\",\"isPartOf\":{\"@id\":\"https:\\\/\\\/jaynolan.org\\\/es\\\/actualizacion-de-agosto-de-2021-del-ceo-edward-amey\\\/\"},\"author\":{\"name\":\"Marina Gavryushkina\",\"@id\":\"https:\\\/\\\/jaynolan.org\\\/es\\\/#\\\/schema\\\/person\\\/14248571453a8e9c117019f8ed491cc2\"},\"headline\":\"Actualizaci\u00f3n de agosto de 2021 del CEO Edward Amey\",\"datePublished\":\"2021-08-15T12:25:28+00:00\",\"dateModified\":\"2025-10-10T16:53:35+00:00\",\"mainEntityOfPage\":{\"@id\":\"https:\\\/\\\/jaynolan.org\\\/es\\\/actualizacion-de-agosto-de-2021-del-ceo-edward-amey\\\/\"},\"wordCount\":410,\"commentCount\":0,\"publisher\":{\"@id\":\"https:\\\/\\\/jaynolan.org\\\/es\\\/#organization\"},\"image\":{\"@id\":\"https:\\\/\\\/jaynolan.org\\\/es\\\/actualizacion-de-agosto-de-2021-del-ceo-edward-amey\\\/#primaryimage\"},\"thumbnailUrl\":\"https:\\\/\\\/jaynolan.org\\\/wp-content\\\/uploads\\\/2021\\\/08\\\/edwards-messages.jpg\",\"articleSection\":[\"Anuncios\"],\"inLanguage\":\"es\",\"potentialAction\":[{\"@type\":\"CommentAction\",\"name\":\"Comment\",\"target\":[\"https:\\\/\\\/jaynolan.org\\\/es\\\/actualizacion-de-agosto-de-2021-del-ceo-edward-amey\\\/#respond\"]}]},{\"@type\":\"WebPage\",\"@id\":\"https:\\\/\\\/jaynolan.org\\\/es\\\/actualizacion-de-agosto-de-2021-del-ceo-edward-amey\\\/\",\"url\":\"https:\\\/\\\/jaynolan.org\\\/es\\\/actualizacion-de-agosto-de-2021-del-ceo-edward-amey\\\/\",\"name\":\"Actualizaci\u00f3n de agosto de 2021 del CEO Edward Amey - Jay Nolan Community Services\",\"isPartOf\":{\"@id\":\"https:\\\/\\\/jaynolan.org\\\/es\\\/#website\"},\"primaryImageOfPage\":{\"@id\":\"https:\\\/\\\/jaynolan.org\\\/es\\\/actualizacion-de-agosto-de-2021-del-ceo-edward-amey\\\/#primaryimage\"},\"image\":{\"@id\":\"https:\\\/\\\/jaynolan.org\\\/es\\\/actualizacion-de-agosto-de-2021-del-ceo-edward-amey\\\/#primaryimage\"},\"thumbnailUrl\":\"https:\\\/\\\/jaynolan.org\\\/wp-content\\\/uploads\\\/2021\\\/08\\\/edwards-messages.jpg\",\"datePublished\":\"2021-08-15T12:25:28+00:00\",\"dateModified\":\"2025-10-10T16:53:35+00:00\",\"description\":\"El clima es c\u00e1lido, las cosas se est\u00e1n abriendo nuevamente, estamos saliendo en comunidad nuevamente y m\u00e1s y m\u00e1s personas est\u00e1n siendo vacunadas.\",\"breadcrumb\":{\"@id\":\"https:\\\/\\\/jaynolan.org\\\/es\\\/actualizacion-de-agosto-de-2021-del-ceo-edward-amey\\\/#breadcrumb\"},\"inLanguage\":\"es\",\"potentialAction\":[{\"@type\":\"ReadAction\",\"target\":[\"https:\\\/\\\/jaynolan.org\\\/es\\\/actualizacion-de-agosto-de-2021-del-ceo-edward-amey\\\/\"]}]},{\"@type\":\"ImageObject\",\"inLanguage\":\"es\",\"@id\":\"https:\\\/\\\/jaynolan.org\\\/es\\\/actualizacion-de-agosto-de-2021-del-ceo-edward-amey\\\/#primaryimage\",\"url\":\"https:\\\/\\\/jaynolan.org\\\/wp-content\\\/uploads\\\/2021\\\/08\\\/edwards-messages.jpg\",\"contentUrl\":\"https:\\\/\\\/jaynolan.org\\\/wp-content\\\/uploads\\\/2021\\\/08\\\/edwards-messages.jpg\",\"width\":1024,\"height\":768},{\"@type\":\"BreadcrumbList\",\"@id\":\"https:\\\/\\\/jaynolan.org\\\/es\\\/actualizacion-de-agosto-de-2021-del-ceo-edward-amey\\\/#breadcrumb\",\"itemListElement\":[{\"@type\":\"ListItem\",\"position\":1,\"name\":\"Home\",\"item\":\"https:\\\/\\\/jaynolan.org\\\/es\\\/\"},{\"@type\":\"ListItem\",\"position\":2,\"name\":\"Actualizaci\u00f3n de agosto de 2021 del CEO Edward Amey\"}]},{\"@type\":\"WebSite\",\"@id\":\"https:\\\/\\\/jaynolan.org\\\/es\\\/#website\",\"url\":\"https:\\\/\\\/jaynolan.org\\\/es\\\/\",\"name\":\"Jay Nolan Community Services\",\"description\":\"Making a difference since 1975\",\"publisher\":{\"@id\":\"https:\\\/\\\/jaynolan.org\\\/es\\\/#organization\"},\"potentialAction\":[{\"@type\":\"SearchAction\",\"target\":{\"@type\":\"EntryPoint\",\"urlTemplate\":\"https:\\\/\\\/jaynolan.org\\\/es\\\/?s={search_term_string}\"},\"query-input\":{\"@type\":\"PropertyValueSpecification\",\"valueRequired\":true,\"valueName\":\"search_term_string\"}}],\"inLanguage\":\"es\"},{\"@type\":\"Organization\",\"@id\":\"https:\\\/\\\/jaynolan.org\\\/es\\\/#organization\",\"name\":\"Jay Nolan Community Service\",\"url\":\"https:\\\/\\\/jaynolan.org\\\/es\\\/\",\"logo\":{\"@type\":\"ImageObject\",\"inLanguage\":\"es\",\"@id\":\"https:\\\/\\\/jaynolan.org\\\/es\\\/#\\\/schema\\\/logo\\\/image\\\/\",\"url\":\"https:\\\/\\\/jaynolan.org\\\/wp-content\\\/uploads\\\/2019\\\/04\\\/jncs6.png\",\"contentUrl\":\"https:\\\/\\\/jaynolan.org\\\/wp-content\\\/uploads\\\/2019\\\/04\\\/jncs6.png\",\"width\":200,\"height\":60,\"caption\":\"Jay Nolan Community Service\"},\"image\":{\"@id\":\"https:\\\/\\\/jaynolan.org\\\/es\\\/#\\\/schema\\\/logo\\\/image\\\/\"},\"sameAs\":[\"https:\\\/\\\/www.facebook.com\\\/JayNolanCommunityServices\\\/\",\"https:\\\/\\\/x.com\\\/jaynolanorg\",\"https:\\\/\\\/www.linkedin.com\\\/company\\\/jay-nolan-community-services\"]},{\"@type\":\"Person\",\"@id\":\"https:\\\/\\\/jaynolan.org\\\/es\\\/#\\\/schema\\\/person\\\/14248571453a8e9c117019f8ed491cc2\",\"name\":\"Marina Gavryushkina\",\"description\":\"Marina is the Manager of Communications &amp; Development at Jay Nolan Community Services. Her role includes outreach and spreading awareness of the mission of the organization through storytelling, social media, and other online communications efforts. Marina is a lifelong learner and holds as a Bachelors degree from the University of California, Berkeley, and an Masters degree from Leiden University in the Netherlands.\"}]}<\/script>\n<!-- \/ Yoast SEO plugin. -->","yoast_head_json":{"title":"Actualizaci\u00f3n de agosto de 2021 del CEO Edward Amey - Jay Nolan Community Services","description":"El clima es c\u00e1lido, las cosas se est\u00e1n abriendo nuevamente, estamos saliendo en comunidad nuevamente y m\u00e1s y m\u00e1s personas est\u00e1n siendo vacunadas.","robots":{"index":"index","follow":"follow","max-snippet":"max-snippet:-1","max-image-preview":"max-image-preview:large","max-video-preview":"max-video-preview:-1"},"canonical":"https:\/\/jaynolan.org\/es\/actualizacion-de-agosto-de-2021-del-ceo-edward-amey\/","og_locale":"es_ES","og_type":"article","og_title":"Actualizaci\u00f3n de agosto de 2021 del CEO Edward Amey - Jay Nolan Community Services","og_description":"El clima es c\u00e1lido, las cosas se est\u00e1n abriendo nuevamente, estamos saliendo en comunidad nuevamente y m\u00e1s y m\u00e1s personas est\u00e1n siendo vacunadas.","og_url":"https:\/\/jaynolan.org\/es\/actualizacion-de-agosto-de-2021-del-ceo-edward-amey\/","og_site_name":"Jay Nolan Community Services","article_publisher":"https:\/\/www.facebook.com\/JayNolanCommunityServices\/","article_published_time":"2021-08-15T12:25:28+00:00","article_modified_time":"2025-10-10T16:53:35+00:00","og_image":[{"width":1024,"height":768,"url":"https:\/\/jaynolan.org\/wp-content\/uploads\/2021\/08\/edwards-messages.jpg","type":"image\/jpeg"}],"author":"Marina Gavryushkina","twitter_card":"summary_large_image","twitter_creator":"@jaynolanorg","twitter_site":"@jaynolanorg","twitter_misc":{"Escrito por":"Marina Gavryushkina","Tiempo de lectura":"2 minutos"},"schema":{"@context":"https:\/\/schema.org","@graph":[{"@type":"Article","@id":"https:\/\/jaynolan.org\/es\/actualizacion-de-agosto-de-2021-del-ceo-edward-amey\/#article","isPartOf":{"@id":"https:\/\/jaynolan.org\/es\/actualizacion-de-agosto-de-2021-del-ceo-edward-amey\/"},"author":{"name":"Marina Gavryushkina","@id":"https:\/\/jaynolan.org\/es\/#\/schema\/person\/14248571453a8e9c117019f8ed491cc2"},"headline":"Actualizaci\u00f3n de agosto de 2021 del CEO Edward Amey","datePublished":"2021-08-15T12:25:28+00:00","dateModified":"2025-10-10T16:53:35+00:00","mainEntityOfPage":{"@id":"https:\/\/jaynolan.org\/es\/actualizacion-de-agosto-de-2021-del-ceo-edward-amey\/"},"wordCount":410,"commentCount":0,"publisher":{"@id":"https:\/\/jaynolan.org\/es\/#organization"},"image":{"@id":"https:\/\/jaynolan.org\/es\/actualizacion-de-agosto-de-2021-del-ceo-edward-amey\/#primaryimage"},"thumbnailUrl":"https:\/\/jaynolan.org\/wp-content\/uploads\/2021\/08\/edwards-messages.jpg","articleSection":["Anuncios"],"inLanguage":"es","potentialAction":[{"@type":"CommentAction","name":"Comment","target":["https:\/\/jaynolan.org\/es\/actualizacion-de-agosto-de-2021-del-ceo-edward-amey\/#respond"]}]},{"@type":"WebPage","@id":"https:\/\/jaynolan.org\/es\/actualizacion-de-agosto-de-2021-del-ceo-edward-amey\/","url":"https:\/\/jaynolan.org\/es\/actualizacion-de-agosto-de-2021-del-ceo-edward-amey\/","name":"Actualizaci\u00f3n de agosto de 2021 del CEO Edward Amey - Jay Nolan Community Services","isPartOf":{"@id":"https:\/\/jaynolan.org\/es\/#website"},"primaryImageOfPage":{"@id":"https:\/\/jaynolan.org\/es\/actualizacion-de-agosto-de-2021-del-ceo-edward-amey\/#primaryimage"},"image":{"@id":"https:\/\/jaynolan.org\/es\/actualizacion-de-agosto-de-2021-del-ceo-edward-amey\/#primaryimage"},"thumbnailUrl":"https:\/\/jaynolan.org\/wp-content\/uploads\/2021\/08\/edwards-messages.jpg","datePublished":"2021-08-15T12:25:28+00:00","dateModified":"2025-10-10T16:53:35+00:00","description":"El clima es c\u00e1lido, las cosas se est\u00e1n abriendo nuevamente, estamos saliendo en comunidad nuevamente y m\u00e1s y m\u00e1s personas est\u00e1n siendo vacunadas.","breadcrumb":{"@id":"https:\/\/jaynolan.org\/es\/actualizacion-de-agosto-de-2021-del-ceo-edward-amey\/#breadcrumb"},"inLanguage":"es","potentialAction":[{"@type":"ReadAction","target":["https:\/\/jaynolan.org\/es\/actualizacion-de-agosto-de-2021-del-ceo-edward-amey\/"]}]},{"@type":"ImageObject","inLanguage":"es","@id":"https:\/\/jaynolan.org\/es\/actualizacion-de-agosto-de-2021-del-ceo-edward-amey\/#primaryimage","url":"https:\/\/jaynolan.org\/wp-content\/uploads\/2021\/08\/edwards-messages.jpg","contentUrl":"https:\/\/jaynolan.org\/wp-content\/uploads\/2021\/08\/edwards-messages.jpg","width":1024,"height":768},{"@type":"BreadcrumbList","@id":"https:\/\/jaynolan.org\/es\/actualizacion-de-agosto-de-2021-del-ceo-edward-amey\/#breadcrumb","itemListElement":[{"@type":"ListItem","position":1,"name":"Home","item":"https:\/\/jaynolan.org\/es\/"},{"@type":"ListItem","position":2,"name":"Actualizaci\u00f3n de agosto de 2021 del CEO Edward Amey"}]},{"@type":"WebSite","@id":"https:\/\/jaynolan.org\/es\/#website","url":"https:\/\/jaynolan.org\/es\/","name":"Jay Nolan Community Services","description":"Making a difference since 1975","publisher":{"@id":"https:\/\/jaynolan.org\/es\/#organization"},"potentialAction":[{"@type":"SearchAction","target":{"@type":"EntryPoint","urlTemplate":"https:\/\/jaynolan.org\/es\/?s={search_term_string}"},"query-input":{"@type":"PropertyValueSpecification","valueRequired":true,"valueName":"search_term_string"}}],"inLanguage":"es"},{"@type":"Organization","@id":"https:\/\/jaynolan.org\/es\/#organization","name":"Jay Nolan Community Service","url":"https:\/\/jaynolan.org\/es\/","logo":{"@type":"ImageObject","inLanguage":"es","@id":"https:\/\/jaynolan.org\/es\/#\/schema\/logo\/image\/","url":"https:\/\/jaynolan.org\/wp-content\/uploads\/2019\/04\/jncs6.png","contentUrl":"https:\/\/jaynolan.org\/wp-content\/uploads\/2019\/04\/jncs6.png","width":200,"height":60,"caption":"Jay Nolan Community Service"},"image":{"@id":"https:\/\/jaynolan.org\/es\/#\/schema\/logo\/image\/"},"sameAs":["https:\/\/www.facebook.com\/JayNolanCommunityServices\/","https:\/\/x.com\/jaynolanorg","https:\/\/www.linkedin.com\/company\/jay-nolan-community-services"]},{"@type":"Person","@id":"https:\/\/jaynolan.org\/es\/#\/schema\/person\/14248571453a8e9c117019f8ed491cc2","name":"Marina Gavryushkina","description":"Marina is the Manager of Communications &amp; Development at Jay Nolan Community Services. Her role includes outreach and spreading awareness of the mission of the organization through storytelling, social media, and other online communications efforts. Marina is a lifelong learner and holds as a Bachelors degree from the University of California, Berkeley, and an Masters degree from Leiden University in the Netherlands."}]}},"_links":{"self":[{"href":"https:\/\/jaynolan.org\/es\/wp-json\/wp\/v2\/posts\/17162","targetHints":{"allow":["GET"]}}],"collection":[{"href":"https:\/\/jaynolan.org\/es\/wp-json\/wp\/v2\/posts"}],"about":[{"href":"https:\/\/jaynolan.org\/es\/wp-json\/wp\/v2\/types\/post"}],"author":[{"embeddable":true,"href":"https:\/\/jaynolan.org\/es\/wp-json\/wp\/v2\/users\/4"}],"replies":[{"embeddable":true,"href":"https:\/\/jaynolan.org\/es\/wp-json\/wp\/v2\/comments?post=17162"}],"version-history":[{"count":1,"href":"https:\/\/jaynolan.org\/es\/wp-json\/wp\/v2\/posts\/17162\/revisions"}],"predecessor-version":[{"id":30653,"href":"https:\/\/jaynolan.org\/es\/wp-json\/wp\/v2\/posts\/17162\/revisions\/30653"}],"wp:featuredmedia":[{"embeddable":true,"href":"https:\/\/jaynolan.org\/es\/wp-json\/wp\/v2\/media\/16428"}],"wp:attachment":[{"href":"https:\/\/jaynolan.org\/es\/wp-json\/wp\/v2\/media?parent=17162"}],"wp:term":[{"taxonomy":"category","embeddable":true,"href":"https:\/\/jaynolan.org\/es\/wp-json\/wp\/v2\/categories?post=17162"},{"taxonomy":"post_tag","embeddable":true,"href":"https:\/\/jaynolan.org\/es\/wp-json\/wp\/v2\/tags?post=17162"}],"curies":[{"name":"wp","href":"https:\/\/api.w.org\/{rel}","templated":true}]}}