{"id":17172,"date":"2021-06-15T08:12:05","date_gmt":"2021-06-15T15:12:05","guid":{"rendered":"https:\/\/jaynolan.org\/junio-saludos-del-ceo-edward-amey\/"},"modified":"2025-10-10T09:53:41","modified_gmt":"2025-10-10T16:53:41","slug":"junio-saludos-del-ceo-edward-amey","status":"publish","type":"post","link":"https:\/\/jaynolan.org\/es\/junio-saludos-del-ceo-edward-amey\/","title":{"rendered":"Junio \u200b\u200bSaludos del CEO Edward Amey"},"content":{"rendered":"<p><img decoding=\"async\" class=\"alignleft wp-image-7192 \" src=\"https:\/\/jaynolan.org\/wp-content\/uploads\/2019\/09\/edward-2018-e1568634686525.jpg\" alt=\"\" width=\"199\" height=\"234\" srcset=\"https:\/\/jaynolan.org\/wp-content\/uploads\/2019\/09\/edward-2018-e1568634686525.jpg 230w, https:\/\/jaynolan.org\/wp-content\/uploads\/2019\/09\/edward-2018-e1568634686525-221x260.jpg 221w\" sizes=\"(max-width: 199px) 100vw, 199px\" \/><\/p>\n<p>Junio \u200b\u200bsaludos a todos,<\/p>\n<p>El clima es c\u00e1lido, las cosas se est\u00e1n abriendo nuevamente, estamos saliendo en comunidad nuevamente y m\u00e1s y m\u00e1s personas est\u00e1n siendo vacunadas contra COVID-19. Con este sentido renovado de optimismo tambi\u00e9n viene el llamado a mantenerse activo y hacerse o\u00edr en el proceso legislativo de nuestro estado. Hay varios proyectos de ley pendientes y, por supuesto, un presupuesto estatal para aprobar. Mant\u00e9ngase informado y deje que se escuchen sus voces para proteger y promover los servicios para las personas con I\/DD en California. He tenido varias conversaciones con nuestros representantes electos estatales y federales en los \u00faltimos meses. Tenemos muchos grandes aliados que est\u00e1n adoptando el esp\u00edritu y la intenci\u00f3n de la Ley Lanterman. Me alienta lo que escucho en Sacramento.<\/p>\n<p>Es mi deseo para todos ustedes, que este tiempo de calidez y renovaci\u00f3n de verano est\u00e9 lleno de relaciones nuevas y reestablecidas, participaci\u00f3n comunitaria, la b\u00fasqueda de la felicidad y defensa enfocada. Que cada uno de nosotros busque servirnos unos a otros, construyendo una comunidad caracterizada por la inclusi\u00f3n y el empoderamiento.<br \/>\nComo la renombrada autora, Maya Angelou, lo expres\u00f3 de manera tan perfecta: \u00abPuede que no controle todos los eventos que le suceden, pero puede decidir no ser reducido por ellos\u00bb. Creemos que una comunidad empoderadora de empat\u00eda y respeto es una verdadera comunidad donde todos sus miembros pueden contribuir.<\/p>\n<p>Gracias por ser una parte importante de nuestra comunidad y por creer como lo hace JNCS, que la totalidad de nuestra comunidad proviene de TODOS sus miembros que tienen la oportunidad de contribuir.<\/p>\n<p><img decoding=\"async\" class=\"alignnone wp-image-7190\" src=\"https:\/\/jaynolan.org\/wp-content\/uploads\/2019\/09\/ed-amey-signature.jpg\" alt=\"\" width=\"194\" height=\"65\"><\/p>\n<p>Eduardo Amey, director ejecutivo<\/p>\n<p>&nbsp;<\/p>\n<hr>\n<p>Get JNCS news delivered to your mailbox.<strong><a href=\"http:\/\/eepurl.com\/cBSSXz\">Sign Up<\/a><\/strong>for our monthly newsletter.<\/p>\n","protected":false},"excerpt":{"rendered":"<p>Junio \u200b\u200bsaludos a todos, El clima es c\u00e1lido, las cosas se est\u00e1n abriendo nuevamente, estamos saliendo en comunidad nuevamente y m\u00e1s y m\u00e1s personas est\u00e1n siendo vacunadas contra COVID-19. Con [&hellip;]<\/p>\n","protected":false},"author":4,"featured_media":16411,"comment_status":"open","ping_status":"closed","sticky":false,"template":"","format":"standard","meta":{"_acf_changed":false,"_price":"","_stock":"","_tribe_ticket_header":"","_tribe_default_ticket_provider":"","_tribe_ticket_capacity":"0","_ticket_start_date":"","_ticket_end_date":"","_tribe_ticket_show_description":"","_tribe_ticket_show_not_going":false,"_tribe_ticket_use_global_stock":"","_tribe_ticket_global_stock_level":"","_global_stock_mode":"","_global_stock_cap":"","_tribe_rsvp_for_event":"","_tribe_ticket_going_count":"","_tribe_ticket_not_going_count":"","_tribe_tickets_list":"[]","_tribe_ticket_has_attendee_info_fields":false,"footnotes":""},"categories":[119],"tags":[],"class_list":["post-17172","post","type-post","status-publish","format-standard","has-post-thumbnail","hentry","category-anuncios"],"acf":[],"yoast_head":"<!-- This site is optimized with the Yoast SEO plugin v27.5 - https:\/\/yoast.com\/product\/yoast-seo-wordpress\/ -->\n<title>Junio \u200b\u200bSaludos del CEO Edward Amey - Jay Nolan Community Services<\/title>\n<meta name=\"description\" content=\"El clima es c\u00e1lido, las cosas se est\u00e1n abriendo nuevamente, estamos saliendo en comunidad nuevamente y m\u00e1s y m\u00e1s personas est\u00e1n siendo vacunadas.\" \/>\n<meta name=\"robots\" content=\"index, follow, max-snippet:-1, max-image-preview:large, max-video-preview:-1\" \/>\n<link rel=\"canonical\" href=\"https:\/\/jaynolan.org\/es\/junio-saludos-del-ceo-edward-amey\/\" \/>\n<meta property=\"og:locale\" content=\"es_ES\" \/>\n<meta property=\"og:type\" content=\"article\" \/>\n<meta property=\"og:title\" content=\"Junio \u200b\u200bSaludos del CEO Edward Amey - Jay Nolan Community Services\" \/>\n<meta property=\"og:description\" content=\"El clima es c\u00e1lido, las cosas se est\u00e1n abriendo nuevamente, estamos saliendo en comunidad nuevamente y m\u00e1s y m\u00e1s personas est\u00e1n siendo vacunadas.\" \/>\n<meta property=\"og:url\" content=\"https:\/\/jaynolan.org\/es\/junio-saludos-del-ceo-edward-amey\/\" \/>\n<meta property=\"og:site_name\" content=\"Jay Nolan Community Services\" \/>\n<meta property=\"article:publisher\" content=\"https:\/\/www.facebook.com\/JayNolanCommunityServices\/\" \/>\n<meta property=\"article:published_time\" content=\"2021-06-15T15:12:05+00:00\" \/>\n<meta property=\"article:modified_time\" content=\"2025-10-10T16:53:41+00:00\" \/>\n<meta property=\"og:image\" content=\"https:\/\/jaynolan.org\/wp-content\/uploads\/2021\/06\/edwards-messages.png\" \/>\n\t<meta property=\"og:image:width\" content=\"1024\" \/>\n\t<meta property=\"og:image:height\" content=\"768\" \/>\n\t<meta property=\"og:image:type\" content=\"image\/png\" \/>\n<meta name=\"author\" content=\"Marina Gavryushkina\" \/>\n<meta name=\"twitter:card\" content=\"summary_large_image\" \/>\n<meta name=\"twitter:creator\" content=\"@jaynolanorg\" \/>\n<meta name=\"twitter:site\" content=\"@jaynolanorg\" \/>\n<meta name=\"twitter:label1\" content=\"Escrito por\" \/>\n\t<meta name=\"twitter:data1\" content=\"Marina Gavryushkina\" \/>\n\t<meta name=\"twitter:label2\" content=\"Tiempo de lectura\" \/>\n\t<meta name=\"twitter:data2\" content=\"1 minuto\" \/>\n<script type=\"application\/ld+json\" class=\"yoast-schema-graph\">{\"@context\":\"https:\\\/\\\/schema.org\",\"@graph\":[{\"@type\":\"Article\",\"@id\":\"https:\\\/\\\/jaynolan.org\\\/es\\\/junio-saludos-del-ceo-edward-amey\\\/#article\",\"isPartOf\":{\"@id\":\"https:\\\/\\\/jaynolan.org\\\/es\\\/junio-saludos-del-ceo-edward-amey\\\/\"},\"author\":{\"name\":\"Marina Gavryushkina\",\"@id\":\"https:\\\/\\\/jaynolan.org\\\/es\\\/#\\\/schema\\\/person\\\/14248571453a8e9c117019f8ed491cc2\"},\"headline\":\"Junio \u200b\u200bSaludos del CEO Edward Amey\",\"datePublished\":\"2021-06-15T15:12:05+00:00\",\"dateModified\":\"2025-10-10T16:53:41+00:00\",\"mainEntityOfPage\":{\"@id\":\"https:\\\/\\\/jaynolan.org\\\/es\\\/junio-saludos-del-ceo-edward-amey\\\/\"},\"wordCount\":301,\"commentCount\":0,\"publisher\":{\"@id\":\"https:\\\/\\\/jaynolan.org\\\/es\\\/#organization\"},\"image\":{\"@id\":\"https:\\\/\\\/jaynolan.org\\\/es\\\/junio-saludos-del-ceo-edward-amey\\\/#primaryimage\"},\"thumbnailUrl\":\"https:\\\/\\\/jaynolan.org\\\/wp-content\\\/uploads\\\/2021\\\/06\\\/edwards-messages.png\",\"articleSection\":[\"Anuncios\"],\"inLanguage\":\"es\",\"potentialAction\":[{\"@type\":\"CommentAction\",\"name\":\"Comment\",\"target\":[\"https:\\\/\\\/jaynolan.org\\\/es\\\/junio-saludos-del-ceo-edward-amey\\\/#respond\"]}]},{\"@type\":\"WebPage\",\"@id\":\"https:\\\/\\\/jaynolan.org\\\/es\\\/junio-saludos-del-ceo-edward-amey\\\/\",\"url\":\"https:\\\/\\\/jaynolan.org\\\/es\\\/junio-saludos-del-ceo-edward-amey\\\/\",\"name\":\"Junio \u200b\u200bSaludos del CEO Edward Amey - Jay Nolan Community Services\",\"isPartOf\":{\"@id\":\"https:\\\/\\\/jaynolan.org\\\/es\\\/#website\"},\"primaryImageOfPage\":{\"@id\":\"https:\\\/\\\/jaynolan.org\\\/es\\\/junio-saludos-del-ceo-edward-amey\\\/#primaryimage\"},\"image\":{\"@id\":\"https:\\\/\\\/jaynolan.org\\\/es\\\/junio-saludos-del-ceo-edward-amey\\\/#primaryimage\"},\"thumbnailUrl\":\"https:\\\/\\\/jaynolan.org\\\/wp-content\\\/uploads\\\/2021\\\/06\\\/edwards-messages.png\",\"datePublished\":\"2021-06-15T15:12:05+00:00\",\"dateModified\":\"2025-10-10T16:53:41+00:00\",\"description\":\"El clima es c\u00e1lido, las cosas se est\u00e1n abriendo nuevamente, estamos saliendo en comunidad nuevamente y m\u00e1s y m\u00e1s personas est\u00e1n siendo vacunadas.\",\"breadcrumb\":{\"@id\":\"https:\\\/\\\/jaynolan.org\\\/es\\\/junio-saludos-del-ceo-edward-amey\\\/#breadcrumb\"},\"inLanguage\":\"es\",\"potentialAction\":[{\"@type\":\"ReadAction\",\"target\":[\"https:\\\/\\\/jaynolan.org\\\/es\\\/junio-saludos-del-ceo-edward-amey\\\/\"]}]},{\"@type\":\"ImageObject\",\"inLanguage\":\"es\",\"@id\":\"https:\\\/\\\/jaynolan.org\\\/es\\\/junio-saludos-del-ceo-edward-amey\\\/#primaryimage\",\"url\":\"https:\\\/\\\/jaynolan.org\\\/wp-content\\\/uploads\\\/2021\\\/06\\\/edwards-messages.png\",\"contentUrl\":\"https:\\\/\\\/jaynolan.org\\\/wp-content\\\/uploads\\\/2021\\\/06\\\/edwards-messages.png\",\"width\":1024,\"height\":768},{\"@type\":\"BreadcrumbList\",\"@id\":\"https:\\\/\\\/jaynolan.org\\\/es\\\/junio-saludos-del-ceo-edward-amey\\\/#breadcrumb\",\"itemListElement\":[{\"@type\":\"ListItem\",\"position\":1,\"name\":\"Home\",\"item\":\"https:\\\/\\\/jaynolan.org\\\/es\\\/\"},{\"@type\":\"ListItem\",\"position\":2,\"name\":\"Junio \u200b\u200bSaludos del CEO Edward Amey\"}]},{\"@type\":\"WebSite\",\"@id\":\"https:\\\/\\\/jaynolan.org\\\/es\\\/#website\",\"url\":\"https:\\\/\\\/jaynolan.org\\\/es\\\/\",\"name\":\"Jay Nolan Community Services\",\"description\":\"Making a difference since 1975\",\"publisher\":{\"@id\":\"https:\\\/\\\/jaynolan.org\\\/es\\\/#organization\"},\"potentialAction\":[{\"@type\":\"SearchAction\",\"target\":{\"@type\":\"EntryPoint\",\"urlTemplate\":\"https:\\\/\\\/jaynolan.org\\\/es\\\/?s={search_term_string}\"},\"query-input\":{\"@type\":\"PropertyValueSpecification\",\"valueRequired\":true,\"valueName\":\"search_term_string\"}}],\"inLanguage\":\"es\"},{\"@type\":\"Organization\",\"@id\":\"https:\\\/\\\/jaynolan.org\\\/es\\\/#organization\",\"name\":\"Jay Nolan Community Service\",\"url\":\"https:\\\/\\\/jaynolan.org\\\/es\\\/\",\"logo\":{\"@type\":\"ImageObject\",\"inLanguage\":\"es\",\"@id\":\"https:\\\/\\\/jaynolan.org\\\/es\\\/#\\\/schema\\\/logo\\\/image\\\/\",\"url\":\"https:\\\/\\\/jaynolan.org\\\/wp-content\\\/uploads\\\/2019\\\/04\\\/jncs6.png\",\"contentUrl\":\"https:\\\/\\\/jaynolan.org\\\/wp-content\\\/uploads\\\/2019\\\/04\\\/jncs6.png\",\"width\":200,\"height\":60,\"caption\":\"Jay Nolan Community Service\"},\"image\":{\"@id\":\"https:\\\/\\\/jaynolan.org\\\/es\\\/#\\\/schema\\\/logo\\\/image\\\/\"},\"sameAs\":[\"https:\\\/\\\/www.facebook.com\\\/JayNolanCommunityServices\\\/\",\"https:\\\/\\\/x.com\\\/jaynolanorg\",\"https:\\\/\\\/www.linkedin.com\\\/company\\\/jay-nolan-community-services\"]},{\"@type\":\"Person\",\"@id\":\"https:\\\/\\\/jaynolan.org\\\/es\\\/#\\\/schema\\\/person\\\/14248571453a8e9c117019f8ed491cc2\",\"name\":\"Marina Gavryushkina\",\"description\":\"Marina is the Manager of Communications &amp; Development at Jay Nolan Community Services. Her role includes outreach and spreading awareness of the mission of the organization through storytelling, social media, and other online communications efforts. Marina is a lifelong learner and holds as a Bachelors degree from the University of California, Berkeley, and an Masters degree from Leiden University in the Netherlands.\"}]}<\/script>\n<!-- \/ Yoast SEO plugin. -->","yoast_head_json":{"title":"Junio \u200b\u200bSaludos del CEO Edward Amey - Jay Nolan Community Services","description":"El clima es c\u00e1lido, las cosas se est\u00e1n abriendo nuevamente, estamos saliendo en comunidad nuevamente y m\u00e1s y m\u00e1s personas est\u00e1n siendo vacunadas.","robots":{"index":"index","follow":"follow","max-snippet":"max-snippet:-1","max-image-preview":"max-image-preview:large","max-video-preview":"max-video-preview:-1"},"canonical":"https:\/\/jaynolan.org\/es\/junio-saludos-del-ceo-edward-amey\/","og_locale":"es_ES","og_type":"article","og_title":"Junio \u200b\u200bSaludos del CEO Edward Amey - Jay Nolan Community Services","og_description":"El clima es c\u00e1lido, las cosas se est\u00e1n abriendo nuevamente, estamos saliendo en comunidad nuevamente y m\u00e1s y m\u00e1s personas est\u00e1n siendo vacunadas.","og_url":"https:\/\/jaynolan.org\/es\/junio-saludos-del-ceo-edward-amey\/","og_site_name":"Jay Nolan Community Services","article_publisher":"https:\/\/www.facebook.com\/JayNolanCommunityServices\/","article_published_time":"2021-06-15T15:12:05+00:00","article_modified_time":"2025-10-10T16:53:41+00:00","og_image":[{"width":1024,"height":768,"url":"https:\/\/jaynolan.org\/wp-content\/uploads\/2021\/06\/edwards-messages.png","type":"image\/png"}],"author":"Marina Gavryushkina","twitter_card":"summary_large_image","twitter_creator":"@jaynolanorg","twitter_site":"@jaynolanorg","twitter_misc":{"Escrito por":"Marina Gavryushkina","Tiempo de lectura":"1 minuto"},"schema":{"@context":"https:\/\/schema.org","@graph":[{"@type":"Article","@id":"https:\/\/jaynolan.org\/es\/junio-saludos-del-ceo-edward-amey\/#article","isPartOf":{"@id":"https:\/\/jaynolan.org\/es\/junio-saludos-del-ceo-edward-amey\/"},"author":{"name":"Marina Gavryushkina","@id":"https:\/\/jaynolan.org\/es\/#\/schema\/person\/14248571453a8e9c117019f8ed491cc2"},"headline":"Junio \u200b\u200bSaludos del CEO Edward Amey","datePublished":"2021-06-15T15:12:05+00:00","dateModified":"2025-10-10T16:53:41+00:00","mainEntityOfPage":{"@id":"https:\/\/jaynolan.org\/es\/junio-saludos-del-ceo-edward-amey\/"},"wordCount":301,"commentCount":0,"publisher":{"@id":"https:\/\/jaynolan.org\/es\/#organization"},"image":{"@id":"https:\/\/jaynolan.org\/es\/junio-saludos-del-ceo-edward-amey\/#primaryimage"},"thumbnailUrl":"https:\/\/jaynolan.org\/wp-content\/uploads\/2021\/06\/edwards-messages.png","articleSection":["Anuncios"],"inLanguage":"es","potentialAction":[{"@type":"CommentAction","name":"Comment","target":["https:\/\/jaynolan.org\/es\/junio-saludos-del-ceo-edward-amey\/#respond"]}]},{"@type":"WebPage","@id":"https:\/\/jaynolan.org\/es\/junio-saludos-del-ceo-edward-amey\/","url":"https:\/\/jaynolan.org\/es\/junio-saludos-del-ceo-edward-amey\/","name":"Junio \u200b\u200bSaludos del CEO Edward Amey - Jay Nolan Community Services","isPartOf":{"@id":"https:\/\/jaynolan.org\/es\/#website"},"primaryImageOfPage":{"@id":"https:\/\/jaynolan.org\/es\/junio-saludos-del-ceo-edward-amey\/#primaryimage"},"image":{"@id":"https:\/\/jaynolan.org\/es\/junio-saludos-del-ceo-edward-amey\/#primaryimage"},"thumbnailUrl":"https:\/\/jaynolan.org\/wp-content\/uploads\/2021\/06\/edwards-messages.png","datePublished":"2021-06-15T15:12:05+00:00","dateModified":"2025-10-10T16:53:41+00:00","description":"El clima es c\u00e1lido, las cosas se est\u00e1n abriendo nuevamente, estamos saliendo en comunidad nuevamente y m\u00e1s y m\u00e1s personas est\u00e1n siendo vacunadas.","breadcrumb":{"@id":"https:\/\/jaynolan.org\/es\/junio-saludos-del-ceo-edward-amey\/#breadcrumb"},"inLanguage":"es","potentialAction":[{"@type":"ReadAction","target":["https:\/\/jaynolan.org\/es\/junio-saludos-del-ceo-edward-amey\/"]}]},{"@type":"ImageObject","inLanguage":"es","@id":"https:\/\/jaynolan.org\/es\/junio-saludos-del-ceo-edward-amey\/#primaryimage","url":"https:\/\/jaynolan.org\/wp-content\/uploads\/2021\/06\/edwards-messages.png","contentUrl":"https:\/\/jaynolan.org\/wp-content\/uploads\/2021\/06\/edwards-messages.png","width":1024,"height":768},{"@type":"BreadcrumbList","@id":"https:\/\/jaynolan.org\/es\/junio-saludos-del-ceo-edward-amey\/#breadcrumb","itemListElement":[{"@type":"ListItem","position":1,"name":"Home","item":"https:\/\/jaynolan.org\/es\/"},{"@type":"ListItem","position":2,"name":"Junio \u200b\u200bSaludos del CEO Edward Amey"}]},{"@type":"WebSite","@id":"https:\/\/jaynolan.org\/es\/#website","url":"https:\/\/jaynolan.org\/es\/","name":"Jay Nolan Community Services","description":"Making a difference since 1975","publisher":{"@id":"https:\/\/jaynolan.org\/es\/#organization"},"potentialAction":[{"@type":"SearchAction","target":{"@type":"EntryPoint","urlTemplate":"https:\/\/jaynolan.org\/es\/?s={search_term_string}"},"query-input":{"@type":"PropertyValueSpecification","valueRequired":true,"valueName":"search_term_string"}}],"inLanguage":"es"},{"@type":"Organization","@id":"https:\/\/jaynolan.org\/es\/#organization","name":"Jay Nolan Community Service","url":"https:\/\/jaynolan.org\/es\/","logo":{"@type":"ImageObject","inLanguage":"es","@id":"https:\/\/jaynolan.org\/es\/#\/schema\/logo\/image\/","url":"https:\/\/jaynolan.org\/wp-content\/uploads\/2019\/04\/jncs6.png","contentUrl":"https:\/\/jaynolan.org\/wp-content\/uploads\/2019\/04\/jncs6.png","width":200,"height":60,"caption":"Jay Nolan Community Service"},"image":{"@id":"https:\/\/jaynolan.org\/es\/#\/schema\/logo\/image\/"},"sameAs":["https:\/\/www.facebook.com\/JayNolanCommunityServices\/","https:\/\/x.com\/jaynolanorg","https:\/\/www.linkedin.com\/company\/jay-nolan-community-services"]},{"@type":"Person","@id":"https:\/\/jaynolan.org\/es\/#\/schema\/person\/14248571453a8e9c117019f8ed491cc2","name":"Marina Gavryushkina","description":"Marina is the Manager of Communications &amp; Development at Jay Nolan Community Services. Her role includes outreach and spreading awareness of the mission of the organization through storytelling, social media, and other online communications efforts. Marina is a lifelong learner and holds as a Bachelors degree from the University of California, Berkeley, and an Masters degree from Leiden University in the Netherlands."}]}},"_links":{"self":[{"href":"https:\/\/jaynolan.org\/es\/wp-json\/wp\/v2\/posts\/17172","targetHints":{"allow":["GET"]}}],"collection":[{"href":"https:\/\/jaynolan.org\/es\/wp-json\/wp\/v2\/posts"}],"about":[{"href":"https:\/\/jaynolan.org\/es\/wp-json\/wp\/v2\/types\/post"}],"author":[{"embeddable":true,"href":"https:\/\/jaynolan.org\/es\/wp-json\/wp\/v2\/users\/4"}],"replies":[{"embeddable":true,"href":"https:\/\/jaynolan.org\/es\/wp-json\/wp\/v2\/comments?post=17172"}],"version-history":[{"count":1,"href":"https:\/\/jaynolan.org\/es\/wp-json\/wp\/v2\/posts\/17172\/revisions"}],"predecessor-version":[{"id":30654,"href":"https:\/\/jaynolan.org\/es\/wp-json\/wp\/v2\/posts\/17172\/revisions\/30654"}],"wp:featuredmedia":[{"embeddable":true,"href":"https:\/\/jaynolan.org\/es\/wp-json\/wp\/v2\/media\/16411"}],"wp:attachment":[{"href":"https:\/\/jaynolan.org\/es\/wp-json\/wp\/v2\/media?parent=17172"}],"wp:term":[{"taxonomy":"category","embeddable":true,"href":"https:\/\/jaynolan.org\/es\/wp-json\/wp\/v2\/categories?post=17172"},{"taxonomy":"post_tag","embeddable":true,"href":"https:\/\/jaynolan.org\/es\/wp-json\/wp\/v2\/tags?post=17172"}],"curies":[{"name":"wp","href":"https:\/\/api.w.org\/{rel}","templated":true}]}}