{"id":17175,"date":"2021-05-13T09:48:12","date_gmt":"2021-05-13T16:48:12","guid":{"rendered":"https:\/\/jaynolan.org\/la-movilidad-esta-a-tu-alcance\/"},"modified":"2021-05-13T09:48:12","modified_gmt":"2021-05-13T16:48:12","slug":"la-movilidad-esta-a-tu-alcance","status":"publish","type":"post","link":"https:\/\/jaynolan.org\/es\/la-movilidad-esta-a-tu-alcance\/","title":{"rendered":"La movilidad est\u00e1 a tu alcance"},"content":{"rendered":"<p>Mientras celebramos numerosos eventos, d\u00edas y personas este mes, no podemos olvidar celebrar mayo como<a href=\"https:\/\/nmeda.org\/nmam\/\" target=\"_blank\" rel=\"noopener\">National Mobility Awareness Month<\/a>. Nadie entiende o reconoce esto mejor que nuestra mism\u00edsima Mariela Linares, Recepcionista de JNCS (\u00a1y Gerente de Primeras Impresiones!).<\/p>\n<p><strong>Conoce a Mariela<\/strong><\/p>\n<p>Mariela, que tiene una discapacidad que le impide moverse, sabe mejor que nadie la importancia de la accesibilidad en nuestro d\u00eda a d\u00eda. Hace muy poco recibi\u00f3 una nueva silla m\u00f3vil que le da m\u00e1s libertad de movimiento que la anterior. Antes de su nueva silla, Mariela se vio obligada a depender de la ayuda de otros. Necesitaba ayuda para hacer copias o colocar el correo en los buzones, todo porque no pod\u00eda alcanzarlo por s\u00ed misma. Hubo muchos casos en los que la asistente de recursos humanos Pat Cunningham tuvo que intervenir y ayudar a Mariela cuando lo necesitaba.<\/p>\n<p><strong>Una nueva libertad encontrada<\/strong><a href=\"https:\/\/jaynolan.org\/wp-content\/uploads\/2021\/05\/mariela-1.jpg\"><img fetchpriority=\"high\" decoding=\"async\" class=\"alignright wp-image-11962 size-medium\" src=\"https:\/\/jaynolan.org\/wp-content\/uploads\/2021\/05\/mariela-1-200x300.jpg\" alt=\"Mariela asiste a un mitin por los derechos de las personas con discapacidad con una camisa roja de manga larga y un cartel que dice \"\u00a1#Cumple la promesa de financiar mis derechos humanos!\"\" width=\"200\" height=\"300\" srcset=\"https:\/\/jaynolan.org\/wp-content\/uploads\/2021\/05\/mariela-1-200x300.jpg 200w, https:\/\/jaynolan.org\/wp-content\/uploads\/2021\/05\/mariela-1.jpg 533w\" sizes=\"(max-width: 200px) 100vw, 200px\" \/><\/a><\/p>\n<p>Sin embargo, desde que Mariela adquiri\u00f3 su nueva silla m\u00f3vil y mec\u00e1nica, ha encontrado una nueva libertad. Esta silla la levanta y le permite ponerse de pie. Esta nueva funcionalidad abri\u00f3 completamente a Mariela a una pl\u00e9tora de posibilidades. Una Mariela muy decidida ahora no tiene que depender de nadie m\u00e1s y puede lograr m\u00e1s por s\u00ed misma. Una vez que Mariela recuerda ese caso es cuando ella y Pat estaban en medio de la incorporaci\u00f3n de empleados JNCS reci\u00e9n contratados. Pat le pidi\u00f3 a Mariela que hiciera copias y revisara ciertos papeles; normalmente habr\u00eda tenido que ayudar a Mariela a hacerlo, pero con su nueva silla, Mariela pudo completarlo sola. \u201cMe siento m\u00e1s independiente con su silla\u201d, afirma orgullosa Mariela, \u201che adquirido m\u00e1s confianza conmigo misma\u201d. Tambi\u00e9n explica c\u00f3mo lleg\u00f3 a encontrar un nuevo sentido de identidad para s\u00ed misma.<\/p>\n<p>Con la nueva libertad e identidad de Mariela, no fue solo la movilidad f\u00edsica lo que cambi\u00f3 para ella, sino tambi\u00e9n su movilidad emocional. Su silla le permite lograr m\u00e1s, lo que a su vez le genera m\u00e1s alegr\u00eda. Una de esas alegr\u00edas incluye decorar la oficina, lo que ahora puede hacer de manera m\u00e1s efectiva ya que ahora puede llegar a lugares m\u00e1s altos.<\/p>\n<p><strong>No rendirse nunca<\/strong><\/p>\n<p>Mariela aconseja a todos que nunca \u201crenuncien a nada que realmente quieran hacer.\u201d Si realmente lo quieres, siempre hay formas de lograrlo. Adem\u00e1s, Mariela dice que nunca est\u00e1 mal y que nadie deber\u00eda tener miedo de pedir ayuda si la necesita. Tenemos personas fabulosas trabajando en Jay Nolan que siempre est\u00e1n aqu\u00ed para ayudar.<\/p>\n<p style=\"text-align: right;\"><em>Escrito por: Noelle Amey (Representante de redes sociales de JNCS)<\/em><\/p>\n<hr>\n<p>Accede a m\u00e1s informaci\u00f3n sobre transporte y accesibilidad<a href=\"https:\/\/jaynolan.org\/es\/recursos\/\">Here<\/a>.<\/p>\n","protected":false},"excerpt":{"rendered":"<p>Mientras celebramos numerosos eventos, d\u00edas y personas este mes, no podemos olvidar celebrar mayo comoNational Mobility Awareness Month. Nadie entiende o reconoce esto mejor que nuestra mism\u00edsima Mariela Linares, Recepcionista [&hellip;]<\/p>\n","protected":false},"author":4,"featured_media":16394,"comment_status":"open","ping_status":"closed","sticky":false,"template":"","format":"standard","meta":{"_acf_changed":false,"_price":"","_stock":"","_tribe_ticket_header":"","_tribe_default_ticket_provider":"","_tribe_ticket_capacity":"","_ticket_start_date":"","_ticket_end_date":"","_tribe_ticket_show_description":"","_tribe_ticket_show_not_going":false,"_tribe_ticket_use_global_stock":"","_tribe_ticket_global_stock_level":"","_global_stock_mode":"","_global_stock_cap":"","_tribe_rsvp_for_event":"","_tribe_ticket_going_count":"","_tribe_ticket_not_going_count":"","_tribe_tickets_list":"[]","_tribe_ticket_has_attendee_info_fields":false,"footnotes":""},"categories":[112,151],"tags":[],"class_list":["post-17175","post","type-post","status-publish","format-standard","has-post-thumbnail","hentry","category-noticias-y-articulos","category-pagina-delantera"],"acf":[],"yoast_head":"<!-- This site is optimized with the Yoast SEO plugin v27.5 - https:\/\/yoast.com\/product\/yoast-seo-wordpress\/ -->\n<title>La movilidad est\u00e1 a tu alcance - Jay Nolan Community Services<\/title>\n<meta name=\"description\" content=\"Mariela, que tiene una discapacidad que le impide moverse, sabe mejor que nadie la importancia de la accesibilidad en nuestro d\u00eda a d\u00eda.\" \/>\n<meta name=\"robots\" content=\"index, follow, max-snippet:-1, max-image-preview:large, max-video-preview:-1\" \/>\n<link rel=\"canonical\" href=\"https:\/\/jaynolan.org\/es\/la-movilidad-esta-a-tu-alcance\/\" \/>\n<meta property=\"og:locale\" content=\"es_ES\" \/>\n<meta property=\"og:type\" content=\"article\" \/>\n<meta property=\"og:title\" content=\"La movilidad est\u00e1 a tu alcance - Jay Nolan Community Services\" \/>\n<meta property=\"og:description\" content=\"Mariela, que tiene una discapacidad que le impide moverse, sabe mejor que nadie la importancia de la accesibilidad en nuestro d\u00eda a d\u00eda.\" \/>\n<meta property=\"og:url\" content=\"https:\/\/jaynolan.org\/es\/la-movilidad-esta-a-tu-alcance\/\" \/>\n<meta property=\"og:site_name\" content=\"Jay Nolan Community Services\" \/>\n<meta property=\"article:publisher\" content=\"https:\/\/www.facebook.com\/JayNolanCommunityServices\/\" \/>\n<meta property=\"article:published_time\" content=\"2021-05-13T16:48:12+00:00\" \/>\n<meta property=\"og:image\" content=\"https:\/\/jaynolan.org\/wp-content\/uploads\/2021\/05\/mariela-scaled.jpg\" \/>\n\t<meta property=\"og:image:width\" content=\"2560\" \/>\n\t<meta property=\"og:image:height\" content=\"1707\" \/>\n\t<meta property=\"og:image:type\" content=\"image\/jpeg\" \/>\n<meta name=\"author\" content=\"Marina Gavryushkina\" \/>\n<meta name=\"twitter:card\" content=\"summary_large_image\" \/>\n<meta name=\"twitter:creator\" content=\"@jaynolanorg\" \/>\n<meta name=\"twitter:site\" content=\"@jaynolanorg\" \/>\n<meta name=\"twitter:label1\" content=\"Escrito por\" \/>\n\t<meta name=\"twitter:data1\" content=\"Marina Gavryushkina\" \/>\n\t<meta name=\"twitter:label2\" content=\"Tiempo de lectura\" \/>\n\t<meta name=\"twitter:data2\" content=\"2 minutos\" \/>\n<script type=\"application\/ld+json\" class=\"yoast-schema-graph\">{\"@context\":\"https:\\\/\\\/schema.org\",\"@graph\":[{\"@type\":\"Article\",\"@id\":\"https:\\\/\\\/jaynolan.org\\\/es\\\/la-movilidad-esta-a-tu-alcance\\\/#article\",\"isPartOf\":{\"@id\":\"https:\\\/\\\/jaynolan.org\\\/es\\\/la-movilidad-esta-a-tu-alcance\\\/\"},\"author\":{\"name\":\"Marina Gavryushkina\",\"@id\":\"https:\\\/\\\/jaynolan.org\\\/es\\\/#\\\/schema\\\/person\\\/14248571453a8e9c117019f8ed491cc2\"},\"headline\":\"La movilidad est\u00e1 a tu alcance\",\"datePublished\":\"2021-05-13T16:48:12+00:00\",\"mainEntityOfPage\":{\"@id\":\"https:\\\/\\\/jaynolan.org\\\/es\\\/la-movilidad-esta-a-tu-alcance\\\/\"},\"wordCount\":463,\"commentCount\":0,\"publisher\":{\"@id\":\"https:\\\/\\\/jaynolan.org\\\/es\\\/#organization\"},\"image\":{\"@id\":\"https:\\\/\\\/jaynolan.org\\\/es\\\/la-movilidad-esta-a-tu-alcance\\\/#primaryimage\"},\"thumbnailUrl\":\"https:\\\/\\\/jaynolan.org\\\/wp-content\\\/uploads\\\/2021\\\/05\\\/mariela-scaled.jpg\",\"articleSection\":[\"Noticias y art\u00edculos\",\"P\u00e1gina delantera\"],\"inLanguage\":\"es\",\"potentialAction\":[{\"@type\":\"CommentAction\",\"name\":\"Comment\",\"target\":[\"https:\\\/\\\/jaynolan.org\\\/es\\\/la-movilidad-esta-a-tu-alcance\\\/#respond\"]}]},{\"@type\":\"WebPage\",\"@id\":\"https:\\\/\\\/jaynolan.org\\\/es\\\/la-movilidad-esta-a-tu-alcance\\\/\",\"url\":\"https:\\\/\\\/jaynolan.org\\\/es\\\/la-movilidad-esta-a-tu-alcance\\\/\",\"name\":\"La movilidad est\u00e1 a tu alcance - Jay Nolan Community Services\",\"isPartOf\":{\"@id\":\"https:\\\/\\\/jaynolan.org\\\/es\\\/#website\"},\"primaryImageOfPage\":{\"@id\":\"https:\\\/\\\/jaynolan.org\\\/es\\\/la-movilidad-esta-a-tu-alcance\\\/#primaryimage\"},\"image\":{\"@id\":\"https:\\\/\\\/jaynolan.org\\\/es\\\/la-movilidad-esta-a-tu-alcance\\\/#primaryimage\"},\"thumbnailUrl\":\"https:\\\/\\\/jaynolan.org\\\/wp-content\\\/uploads\\\/2021\\\/05\\\/mariela-scaled.jpg\",\"datePublished\":\"2021-05-13T16:48:12+00:00\",\"description\":\"Mariela, que tiene una discapacidad que le impide moverse, sabe mejor que nadie la importancia de la accesibilidad en nuestro d\u00eda a d\u00eda.\",\"breadcrumb\":{\"@id\":\"https:\\\/\\\/jaynolan.org\\\/es\\\/la-movilidad-esta-a-tu-alcance\\\/#breadcrumb\"},\"inLanguage\":\"es\",\"potentialAction\":[{\"@type\":\"ReadAction\",\"target\":[\"https:\\\/\\\/jaynolan.org\\\/es\\\/la-movilidad-esta-a-tu-alcance\\\/\"]}]},{\"@type\":\"ImageObject\",\"inLanguage\":\"es\",\"@id\":\"https:\\\/\\\/jaynolan.org\\\/es\\\/la-movilidad-esta-a-tu-alcance\\\/#primaryimage\",\"url\":\"https:\\\/\\\/jaynolan.org\\\/wp-content\\\/uploads\\\/2021\\\/05\\\/mariela-scaled.jpg\",\"contentUrl\":\"https:\\\/\\\/jaynolan.org\\\/wp-content\\\/uploads\\\/2021\\\/05\\\/mariela-scaled.jpg\",\"width\":2560,\"height\":1707},{\"@type\":\"BreadcrumbList\",\"@id\":\"https:\\\/\\\/jaynolan.org\\\/es\\\/la-movilidad-esta-a-tu-alcance\\\/#breadcrumb\",\"itemListElement\":[{\"@type\":\"ListItem\",\"position\":1,\"name\":\"Home\",\"item\":\"https:\\\/\\\/jaynolan.org\\\/es\\\/\"},{\"@type\":\"ListItem\",\"position\":2,\"name\":\"La movilidad est\u00e1 a tu alcance\"}]},{\"@type\":\"WebSite\",\"@id\":\"https:\\\/\\\/jaynolan.org\\\/es\\\/#website\",\"url\":\"https:\\\/\\\/jaynolan.org\\\/es\\\/\",\"name\":\"Jay Nolan Community Services\",\"description\":\"Making a difference since 1975\",\"publisher\":{\"@id\":\"https:\\\/\\\/jaynolan.org\\\/es\\\/#organization\"},\"potentialAction\":[{\"@type\":\"SearchAction\",\"target\":{\"@type\":\"EntryPoint\",\"urlTemplate\":\"https:\\\/\\\/jaynolan.org\\\/es\\\/?s={search_term_string}\"},\"query-input\":{\"@type\":\"PropertyValueSpecification\",\"valueRequired\":true,\"valueName\":\"search_term_string\"}}],\"inLanguage\":\"es\"},{\"@type\":\"Organization\",\"@id\":\"https:\\\/\\\/jaynolan.org\\\/es\\\/#organization\",\"name\":\"Jay Nolan Community Service\",\"url\":\"https:\\\/\\\/jaynolan.org\\\/es\\\/\",\"logo\":{\"@type\":\"ImageObject\",\"inLanguage\":\"es\",\"@id\":\"https:\\\/\\\/jaynolan.org\\\/es\\\/#\\\/schema\\\/logo\\\/image\\\/\",\"url\":\"https:\\\/\\\/jaynolan.org\\\/wp-content\\\/uploads\\\/2019\\\/04\\\/jncs6.png\",\"contentUrl\":\"https:\\\/\\\/jaynolan.org\\\/wp-content\\\/uploads\\\/2019\\\/04\\\/jncs6.png\",\"width\":200,\"height\":60,\"caption\":\"Jay Nolan Community Service\"},\"image\":{\"@id\":\"https:\\\/\\\/jaynolan.org\\\/es\\\/#\\\/schema\\\/logo\\\/image\\\/\"},\"sameAs\":[\"https:\\\/\\\/www.facebook.com\\\/JayNolanCommunityServices\\\/\",\"https:\\\/\\\/x.com\\\/jaynolanorg\",\"https:\\\/\\\/www.linkedin.com\\\/company\\\/jay-nolan-community-services\"]},{\"@type\":\"Person\",\"@id\":\"https:\\\/\\\/jaynolan.org\\\/es\\\/#\\\/schema\\\/person\\\/14248571453a8e9c117019f8ed491cc2\",\"name\":\"Marina Gavryushkina\",\"description\":\"Marina is the Manager of Communications &amp; Development at Jay Nolan Community Services. Her role includes outreach and spreading awareness of the mission of the organization through storytelling, social media, and other online communications efforts. Marina is a lifelong learner and holds as a Bachelors degree from the University of California, Berkeley, and an Masters degree from Leiden University in the Netherlands.\"}]}<\/script>\n<!-- \/ Yoast SEO plugin. -->","yoast_head_json":{"title":"La movilidad est\u00e1 a tu alcance - Jay Nolan Community Services","description":"Mariela, que tiene una discapacidad que le impide moverse, sabe mejor que nadie la importancia de la accesibilidad en nuestro d\u00eda a d\u00eda.","robots":{"index":"index","follow":"follow","max-snippet":"max-snippet:-1","max-image-preview":"max-image-preview:large","max-video-preview":"max-video-preview:-1"},"canonical":"https:\/\/jaynolan.org\/es\/la-movilidad-esta-a-tu-alcance\/","og_locale":"es_ES","og_type":"article","og_title":"La movilidad est\u00e1 a tu alcance - Jay Nolan Community Services","og_description":"Mariela, que tiene una discapacidad que le impide moverse, sabe mejor que nadie la importancia de la accesibilidad en nuestro d\u00eda a d\u00eda.","og_url":"https:\/\/jaynolan.org\/es\/la-movilidad-esta-a-tu-alcance\/","og_site_name":"Jay Nolan Community Services","article_publisher":"https:\/\/www.facebook.com\/JayNolanCommunityServices\/","article_published_time":"2021-05-13T16:48:12+00:00","og_image":[{"width":2560,"height":1707,"url":"https:\/\/jaynolan.org\/wp-content\/uploads\/2021\/05\/mariela-scaled.jpg","type":"image\/jpeg"}],"author":"Marina Gavryushkina","twitter_card":"summary_large_image","twitter_creator":"@jaynolanorg","twitter_site":"@jaynolanorg","twitter_misc":{"Escrito por":"Marina Gavryushkina","Tiempo de lectura":"2 minutos"},"schema":{"@context":"https:\/\/schema.org","@graph":[{"@type":"Article","@id":"https:\/\/jaynolan.org\/es\/la-movilidad-esta-a-tu-alcance\/#article","isPartOf":{"@id":"https:\/\/jaynolan.org\/es\/la-movilidad-esta-a-tu-alcance\/"},"author":{"name":"Marina Gavryushkina","@id":"https:\/\/jaynolan.org\/es\/#\/schema\/person\/14248571453a8e9c117019f8ed491cc2"},"headline":"La movilidad est\u00e1 a tu alcance","datePublished":"2021-05-13T16:48:12+00:00","mainEntityOfPage":{"@id":"https:\/\/jaynolan.org\/es\/la-movilidad-esta-a-tu-alcance\/"},"wordCount":463,"commentCount":0,"publisher":{"@id":"https:\/\/jaynolan.org\/es\/#organization"},"image":{"@id":"https:\/\/jaynolan.org\/es\/la-movilidad-esta-a-tu-alcance\/#primaryimage"},"thumbnailUrl":"https:\/\/jaynolan.org\/wp-content\/uploads\/2021\/05\/mariela-scaled.jpg","articleSection":["Noticias y art\u00edculos","P\u00e1gina delantera"],"inLanguage":"es","potentialAction":[{"@type":"CommentAction","name":"Comment","target":["https:\/\/jaynolan.org\/es\/la-movilidad-esta-a-tu-alcance\/#respond"]}]},{"@type":"WebPage","@id":"https:\/\/jaynolan.org\/es\/la-movilidad-esta-a-tu-alcance\/","url":"https:\/\/jaynolan.org\/es\/la-movilidad-esta-a-tu-alcance\/","name":"La movilidad est\u00e1 a tu alcance - Jay Nolan Community Services","isPartOf":{"@id":"https:\/\/jaynolan.org\/es\/#website"},"primaryImageOfPage":{"@id":"https:\/\/jaynolan.org\/es\/la-movilidad-esta-a-tu-alcance\/#primaryimage"},"image":{"@id":"https:\/\/jaynolan.org\/es\/la-movilidad-esta-a-tu-alcance\/#primaryimage"},"thumbnailUrl":"https:\/\/jaynolan.org\/wp-content\/uploads\/2021\/05\/mariela-scaled.jpg","datePublished":"2021-05-13T16:48:12+00:00","description":"Mariela, que tiene una discapacidad que le impide moverse, sabe mejor que nadie la importancia de la accesibilidad en nuestro d\u00eda a d\u00eda.","breadcrumb":{"@id":"https:\/\/jaynolan.org\/es\/la-movilidad-esta-a-tu-alcance\/#breadcrumb"},"inLanguage":"es","potentialAction":[{"@type":"ReadAction","target":["https:\/\/jaynolan.org\/es\/la-movilidad-esta-a-tu-alcance\/"]}]},{"@type":"ImageObject","inLanguage":"es","@id":"https:\/\/jaynolan.org\/es\/la-movilidad-esta-a-tu-alcance\/#primaryimage","url":"https:\/\/jaynolan.org\/wp-content\/uploads\/2021\/05\/mariela-scaled.jpg","contentUrl":"https:\/\/jaynolan.org\/wp-content\/uploads\/2021\/05\/mariela-scaled.jpg","width":2560,"height":1707},{"@type":"BreadcrumbList","@id":"https:\/\/jaynolan.org\/es\/la-movilidad-esta-a-tu-alcance\/#breadcrumb","itemListElement":[{"@type":"ListItem","position":1,"name":"Home","item":"https:\/\/jaynolan.org\/es\/"},{"@type":"ListItem","position":2,"name":"La movilidad est\u00e1 a tu alcance"}]},{"@type":"WebSite","@id":"https:\/\/jaynolan.org\/es\/#website","url":"https:\/\/jaynolan.org\/es\/","name":"Jay Nolan Community Services","description":"Making a difference since 1975","publisher":{"@id":"https:\/\/jaynolan.org\/es\/#organization"},"potentialAction":[{"@type":"SearchAction","target":{"@type":"EntryPoint","urlTemplate":"https:\/\/jaynolan.org\/es\/?s={search_term_string}"},"query-input":{"@type":"PropertyValueSpecification","valueRequired":true,"valueName":"search_term_string"}}],"inLanguage":"es"},{"@type":"Organization","@id":"https:\/\/jaynolan.org\/es\/#organization","name":"Jay Nolan Community Service","url":"https:\/\/jaynolan.org\/es\/","logo":{"@type":"ImageObject","inLanguage":"es","@id":"https:\/\/jaynolan.org\/es\/#\/schema\/logo\/image\/","url":"https:\/\/jaynolan.org\/wp-content\/uploads\/2019\/04\/jncs6.png","contentUrl":"https:\/\/jaynolan.org\/wp-content\/uploads\/2019\/04\/jncs6.png","width":200,"height":60,"caption":"Jay Nolan Community Service"},"image":{"@id":"https:\/\/jaynolan.org\/es\/#\/schema\/logo\/image\/"},"sameAs":["https:\/\/www.facebook.com\/JayNolanCommunityServices\/","https:\/\/x.com\/jaynolanorg","https:\/\/www.linkedin.com\/company\/jay-nolan-community-services"]},{"@type":"Person","@id":"https:\/\/jaynolan.org\/es\/#\/schema\/person\/14248571453a8e9c117019f8ed491cc2","name":"Marina Gavryushkina","description":"Marina is the Manager of Communications &amp; Development at Jay Nolan Community Services. Her role includes outreach and spreading awareness of the mission of the organization through storytelling, social media, and other online communications efforts. Marina is a lifelong learner and holds as a Bachelors degree from the University of California, Berkeley, and an Masters degree from Leiden University in the Netherlands."}]}},"_links":{"self":[{"href":"https:\/\/jaynolan.org\/es\/wp-json\/wp\/v2\/posts\/17175","targetHints":{"allow":["GET"]}}],"collection":[{"href":"https:\/\/jaynolan.org\/es\/wp-json\/wp\/v2\/posts"}],"about":[{"href":"https:\/\/jaynolan.org\/es\/wp-json\/wp\/v2\/types\/post"}],"author":[{"embeddable":true,"href":"https:\/\/jaynolan.org\/es\/wp-json\/wp\/v2\/users\/4"}],"replies":[{"embeddable":true,"href":"https:\/\/jaynolan.org\/es\/wp-json\/wp\/v2\/comments?post=17175"}],"version-history":[{"count":0,"href":"https:\/\/jaynolan.org\/es\/wp-json\/wp\/v2\/posts\/17175\/revisions"}],"wp:featuredmedia":[{"embeddable":true,"href":"https:\/\/jaynolan.org\/es\/wp-json\/wp\/v2\/media\/16394"}],"wp:attachment":[{"href":"https:\/\/jaynolan.org\/es\/wp-json\/wp\/v2\/media?parent=17175"}],"wp:term":[{"taxonomy":"category","embeddable":true,"href":"https:\/\/jaynolan.org\/es\/wp-json\/wp\/v2\/categories?post=17175"},{"taxonomy":"post_tag","embeddable":true,"href":"https:\/\/jaynolan.org\/es\/wp-json\/wp\/v2\/tags?post=17175"}],"curies":[{"name":"wp","href":"https:\/\/api.w.org\/{rel}","templated":true}]}}