{"id":17185,"date":"2021-03-08T11:25:53","date_gmt":"2021-03-08T19:25:53","guid":{"rendered":"https:\/\/jaynolan.org\/lo-que-significa-ser-un-aliado-para-las-personas-con-discapacidades-del-desarrollo\/"},"modified":"2025-10-10T09:54:04","modified_gmt":"2025-10-10T16:54:04","slug":"lo-que-significa-ser-un-aliado-para-las-personas-con-discapacidades-del-desarrollo","status":"publish","type":"post","link":"https:\/\/jaynolan.org\/es\/lo-que-significa-ser-un-aliado-para-las-personas-con-discapacidades-del-desarrollo\/","title":{"rendered":"Lo que significa ser un aliado para las personas con discapacidades del desarrollo"},"content":{"rendered":"<p>\u00bfQu\u00e9 te parece un aliado? \u00bfEs el compa\u00f1ero de Batman, Robin? \u00bfSon jugadoras de un equipo deportivo? \u00bfO podr\u00eda ser esa persona que defiende al peque\u00f1o? \u00bfQui\u00e9n dice que no pueden ser todas ellas?<\/p>\n<h4>\u00bfC\u00f3mo defines a un aliado?<\/h4>\n<p>Merriam-Webster define a un aliado como \u201cuna persona o grupo que brinda asistencia y apoyo en un esfuerzo, actividad o lucha en curso\u201d. Entonces, \u00bfqui\u00e9n puede ser un aliado? La respuesta correcta es: todas. T\u00fa, tu vecino, tu compa\u00f1ero de trabajo. Anyone can be an ally, and <a href=\"https:\/\/jaynolan.org\/es\/\">Jay Nolan Community Services (JNCS)<\/a> is full of people ready to be that support.<\/p>\n<blockquote><p><em>\u00abBeing an ally is being open to listening and what they need and want.\u00bb<\/em> -Amy, personal de JNCS<\/p><\/blockquote>\n<p>Tome el d\u00fao din\u00e1mico, Grace y Amy, por ejemplo. Esta relaci\u00f3n nunca es unilateral; act\u00faan como aliados entre s\u00ed en funci\u00f3n de sus necesidades. Amy lo expresa mejor: \u00abser un aliado es estar abierto a escuchar y a lo que necesitan y quieren\u00bb. Grace est\u00e1 totalmente de acuerdo y dice que su definici\u00f3n ser\u00eda exactamente la misma que la de Amy. Amy tambi\u00e9n hace otro punto fenomenal al enfatizar lo f\u00e1cil que es captar los rasgos y h\u00e1bitos de la persona con la que est\u00e1s trabajando. Al hacerlo, ayuda a construir el v\u00ednculo y la relaci\u00f3n necesarios para tener un gran trabajo en equipo como aliados entre s\u00ed. Naturalmente, con COVID-19 ha sido m\u00e1s dif\u00edcil tener ese v\u00ednculo en persona. Pero eso no significa que ser un aliado se detenga all\u00ed. Grace y Amy todav\u00eda se comunican por tel\u00e9fono y se \u00abvisitan\u00bb en Zoom. Grace y Amy incluso pueden ver pel\u00edculas juntas desde sus respectivos hogares, y ambas est\u00e1n dispuestas a ver una buena pel\u00edcula de terror en cualquier momento.<\/p>\n<h4>Ser un aliado durante el COIVD-19<\/h4>\n<p>Mantener una comunidad y ser un aliado puede ser un desaf\u00edo durante este tiempo. Pero ser el sistema de apoyo de alguien nunca se toma un d\u00eda libre. Un trabajo puede terminar cuando termina la jornada laboral, pero un aliado est\u00e1 disponible a todas horas. Se necesita organizaci\u00f3n, defensa, paciencia, amabilidad, comprensi\u00f3n y compasi\u00f3n. Un aliado puede proporcionar una sonrisa amable o incluso un o\u00eddo atento. El objetivo no es ser perfecta, porque \u00bfqui\u00e9n es? El objetivo es intentar y esforzarse mucho, porque, como dice Amy con elocuencia: \u00ablas personas con discapacidades todav\u00eda est\u00e1n aqu\u00ed y todav\u00eda necesitan apoyo\u00bb. Todas necesitan un aliado. Especialmente nuestras personas apoyadas en Jay Nolan. Todos tienen la oportunidad de ser ese apoyo o ayuda que alguien pueda necesitar en su lucha.<\/p>\n<p>Entonces, \u00bfde qui\u00e9n aliada vas a ser?<\/p>\n<p style=\"text-align: right\"><em>Escrito por: Noelle Amey (Representante de redes sociales de JNCS)<\/em><\/p>\n<hr>\n<p>Siga nuestra misi\u00f3n de crear comunidades inclusivas. Reg\u00edstrese ahora para el <strong><a href=\"https:\/\/jaynolan.dm.networkforgood.com\/forms\/newsletter-sign-up\" target=\"_blank\" rel=\"noopener\">JNCS Monthly Newsletter<\/a><\/strong><\/p>\n","protected":false},"excerpt":{"rendered":"<p>\u00bfQu\u00e9 te parece un aliado? \u00bfEs el compa\u00f1ero de Batman, Robin? \u00bfSon jugadoras de un equipo deportivo? \u00bfO podr\u00eda ser esa persona que defiende al peque\u00f1o? \u00bfQui\u00e9n dice que no [&hellip;]<\/p>\n","protected":false},"author":4,"featured_media":16360,"comment_status":"open","ping_status":"closed","sticky":false,"template":"","format":"standard","meta":{"_acf_changed":false,"_price":"","_stock":"","_tribe_ticket_header":"","_tribe_default_ticket_provider":"","_tribe_ticket_capacity":"0","_ticket_start_date":"","_ticket_end_date":"","_tribe_ticket_show_description":"","_tribe_ticket_show_not_going":false,"_tribe_ticket_use_global_stock":"","_tribe_ticket_global_stock_level":"","_global_stock_mode":"","_global_stock_cap":"","_tribe_rsvp_for_event":"","_tribe_ticket_going_count":"","_tribe_ticket_not_going_count":"","_tribe_tickets_list":"[]","_tribe_ticket_has_attendee_info_fields":false,"footnotes":""},"categories":[112,151],"tags":[],"class_list":["post-17185","post","type-post","status-publish","format-standard","has-post-thumbnail","hentry","category-noticias-y-articulos","category-pagina-delantera"],"acf":[],"yoast_head":"<!-- This site is optimized with the Yoast SEO plugin v27.5 - https:\/\/yoast.com\/product\/yoast-seo-wordpress\/ -->\n<title>Lo que significa ser un aliado para las personas con discapacidades del desarrollo - Jay Nolan Community Services<\/title>\n<meta name=\"description\" content=\"\u00bfQu\u00e9 te parece un aliado? Cualquiera puede ser un aliado, y Jay Nolan Community Services est\u00e1 lleno de personas listas para ser ese apoyo.\" \/>\n<meta name=\"robots\" content=\"index, follow, max-snippet:-1, max-image-preview:large, max-video-preview:-1\" \/>\n<link rel=\"canonical\" href=\"https:\/\/jaynolan.org\/es\/lo-que-significa-ser-un-aliado-para-las-personas-con-discapacidades-del-desarrollo\/\" \/>\n<meta property=\"og:locale\" content=\"es_ES\" \/>\n<meta property=\"og:type\" content=\"article\" \/>\n<meta property=\"og:title\" content=\"Lo que significa ser un aliado para las personas con discapacidades del desarrollo - Jay Nolan Community Services\" \/>\n<meta property=\"og:description\" content=\"\u00bfQu\u00e9 te parece un aliado? Cualquiera puede ser un aliado, y Jay Nolan Community Services est\u00e1 lleno de personas listas para ser ese apoyo.\" \/>\n<meta property=\"og:url\" content=\"https:\/\/jaynolan.org\/es\/lo-que-significa-ser-un-aliado-para-las-personas-con-discapacidades-del-desarrollo\/\" \/>\n<meta property=\"og:site_name\" content=\"Jay Nolan Community Services\" \/>\n<meta property=\"article:publisher\" content=\"https:\/\/www.facebook.com\/JayNolanCommunityServices\/\" \/>\n<meta property=\"article:published_time\" content=\"2021-03-08T19:25:53+00:00\" \/>\n<meta property=\"article:modified_time\" content=\"2025-10-10T16:54:04+00:00\" \/>\n<meta property=\"og:image\" content=\"https:\/\/jaynolan.org\/wp-content\/uploads\/2021\/03\/being-an-ally-image.jpg\" \/>\n\t<meta property=\"og:image:width\" content=\"1024\" \/>\n\t<meta property=\"og:image:height\" content=\"768\" \/>\n\t<meta property=\"og:image:type\" content=\"image\/jpeg\" \/>\n<meta name=\"author\" content=\"Marina Gavryushkina\" \/>\n<meta name=\"twitter:card\" content=\"summary_large_image\" \/>\n<meta name=\"twitter:creator\" content=\"@jaynolanorg\" \/>\n<meta name=\"twitter:site\" content=\"@jaynolanorg\" \/>\n<meta name=\"twitter:label1\" content=\"Escrito por\" \/>\n\t<meta name=\"twitter:data1\" content=\"Marina Gavryushkina\" \/>\n\t<meta name=\"twitter:label2\" content=\"Tiempo de lectura\" \/>\n\t<meta name=\"twitter:data2\" content=\"2 minutos\" \/>\n<script type=\"application\/ld+json\" class=\"yoast-schema-graph\">{\"@context\":\"https:\\\/\\\/schema.org\",\"@graph\":[{\"@type\":\"Article\",\"@id\":\"https:\\\/\\\/jaynolan.org\\\/es\\\/lo-que-significa-ser-un-aliado-para-las-personas-con-discapacidades-del-desarrollo\\\/#article\",\"isPartOf\":{\"@id\":\"https:\\\/\\\/jaynolan.org\\\/es\\\/lo-que-significa-ser-un-aliado-para-las-personas-con-discapacidades-del-desarrollo\\\/\"},\"author\":{\"name\":\"Marina Gavryushkina\",\"@id\":\"https:\\\/\\\/jaynolan.org\\\/es\\\/#\\\/schema\\\/person\\\/14248571453a8e9c117019f8ed491cc2\"},\"headline\":\"Lo que significa ser un aliado para las personas con discapacidades del desarrollo\",\"datePublished\":\"2021-03-08T19:25:53+00:00\",\"dateModified\":\"2025-10-10T16:54:04+00:00\",\"mainEntityOfPage\":{\"@id\":\"https:\\\/\\\/jaynolan.org\\\/es\\\/lo-que-significa-ser-un-aliado-para-las-personas-con-discapacidades-del-desarrollo\\\/\"},\"wordCount\":506,\"commentCount\":0,\"publisher\":{\"@id\":\"https:\\\/\\\/jaynolan.org\\\/es\\\/#organization\"},\"image\":{\"@id\":\"https:\\\/\\\/jaynolan.org\\\/es\\\/lo-que-significa-ser-un-aliado-para-las-personas-con-discapacidades-del-desarrollo\\\/#primaryimage\"},\"thumbnailUrl\":\"https:\\\/\\\/jaynolan.org\\\/wp-content\\\/uploads\\\/2021\\\/03\\\/being-an-ally-image.jpg\",\"articleSection\":[\"Noticias y art\u00edculos\",\"P\u00e1gina delantera\"],\"inLanguage\":\"es\",\"potentialAction\":[{\"@type\":\"CommentAction\",\"name\":\"Comment\",\"target\":[\"https:\\\/\\\/jaynolan.org\\\/es\\\/lo-que-significa-ser-un-aliado-para-las-personas-con-discapacidades-del-desarrollo\\\/#respond\"]}]},{\"@type\":\"WebPage\",\"@id\":\"https:\\\/\\\/jaynolan.org\\\/es\\\/lo-que-significa-ser-un-aliado-para-las-personas-con-discapacidades-del-desarrollo\\\/\",\"url\":\"https:\\\/\\\/jaynolan.org\\\/es\\\/lo-que-significa-ser-un-aliado-para-las-personas-con-discapacidades-del-desarrollo\\\/\",\"name\":\"Lo que significa ser un aliado para las personas con discapacidades del desarrollo - Jay Nolan Community Services\",\"isPartOf\":{\"@id\":\"https:\\\/\\\/jaynolan.org\\\/es\\\/#website\"},\"primaryImageOfPage\":{\"@id\":\"https:\\\/\\\/jaynolan.org\\\/es\\\/lo-que-significa-ser-un-aliado-para-las-personas-con-discapacidades-del-desarrollo\\\/#primaryimage\"},\"image\":{\"@id\":\"https:\\\/\\\/jaynolan.org\\\/es\\\/lo-que-significa-ser-un-aliado-para-las-personas-con-discapacidades-del-desarrollo\\\/#primaryimage\"},\"thumbnailUrl\":\"https:\\\/\\\/jaynolan.org\\\/wp-content\\\/uploads\\\/2021\\\/03\\\/being-an-ally-image.jpg\",\"datePublished\":\"2021-03-08T19:25:53+00:00\",\"dateModified\":\"2025-10-10T16:54:04+00:00\",\"description\":\"\u00bfQu\u00e9 te parece un aliado? Cualquiera puede ser un aliado, y Jay Nolan Community Services est\u00e1 lleno de personas listas para ser ese apoyo.\",\"breadcrumb\":{\"@id\":\"https:\\\/\\\/jaynolan.org\\\/es\\\/lo-que-significa-ser-un-aliado-para-las-personas-con-discapacidades-del-desarrollo\\\/#breadcrumb\"},\"inLanguage\":\"es\",\"potentialAction\":[{\"@type\":\"ReadAction\",\"target\":[\"https:\\\/\\\/jaynolan.org\\\/es\\\/lo-que-significa-ser-un-aliado-para-las-personas-con-discapacidades-del-desarrollo\\\/\"]}]},{\"@type\":\"ImageObject\",\"inLanguage\":\"es\",\"@id\":\"https:\\\/\\\/jaynolan.org\\\/es\\\/lo-que-significa-ser-un-aliado-para-las-personas-con-discapacidades-del-desarrollo\\\/#primaryimage\",\"url\":\"https:\\\/\\\/jaynolan.org\\\/wp-content\\\/uploads\\\/2021\\\/03\\\/being-an-ally-image.jpg\",\"contentUrl\":\"https:\\\/\\\/jaynolan.org\\\/wp-content\\\/uploads\\\/2021\\\/03\\\/being-an-ally-image.jpg\",\"width\":1024,\"height\":768},{\"@type\":\"BreadcrumbList\",\"@id\":\"https:\\\/\\\/jaynolan.org\\\/es\\\/lo-que-significa-ser-un-aliado-para-las-personas-con-discapacidades-del-desarrollo\\\/#breadcrumb\",\"itemListElement\":[{\"@type\":\"ListItem\",\"position\":1,\"name\":\"Home\",\"item\":\"https:\\\/\\\/jaynolan.org\\\/es\\\/\"},{\"@type\":\"ListItem\",\"position\":2,\"name\":\"Lo que significa ser un aliado para las personas con discapacidades del desarrollo\"}]},{\"@type\":\"WebSite\",\"@id\":\"https:\\\/\\\/jaynolan.org\\\/es\\\/#website\",\"url\":\"https:\\\/\\\/jaynolan.org\\\/es\\\/\",\"name\":\"Jay Nolan Community Services\",\"description\":\"Making a difference since 1975\",\"publisher\":{\"@id\":\"https:\\\/\\\/jaynolan.org\\\/es\\\/#organization\"},\"potentialAction\":[{\"@type\":\"SearchAction\",\"target\":{\"@type\":\"EntryPoint\",\"urlTemplate\":\"https:\\\/\\\/jaynolan.org\\\/es\\\/?s={search_term_string}\"},\"query-input\":{\"@type\":\"PropertyValueSpecification\",\"valueRequired\":true,\"valueName\":\"search_term_string\"}}],\"inLanguage\":\"es\"},{\"@type\":\"Organization\",\"@id\":\"https:\\\/\\\/jaynolan.org\\\/es\\\/#organization\",\"name\":\"Jay Nolan Community Service\",\"url\":\"https:\\\/\\\/jaynolan.org\\\/es\\\/\",\"logo\":{\"@type\":\"ImageObject\",\"inLanguage\":\"es\",\"@id\":\"https:\\\/\\\/jaynolan.org\\\/es\\\/#\\\/schema\\\/logo\\\/image\\\/\",\"url\":\"https:\\\/\\\/jaynolan.org\\\/wp-content\\\/uploads\\\/2019\\\/04\\\/jncs6.png\",\"contentUrl\":\"https:\\\/\\\/jaynolan.org\\\/wp-content\\\/uploads\\\/2019\\\/04\\\/jncs6.png\",\"width\":200,\"height\":60,\"caption\":\"Jay Nolan Community Service\"},\"image\":{\"@id\":\"https:\\\/\\\/jaynolan.org\\\/es\\\/#\\\/schema\\\/logo\\\/image\\\/\"},\"sameAs\":[\"https:\\\/\\\/www.facebook.com\\\/JayNolanCommunityServices\\\/\",\"https:\\\/\\\/x.com\\\/jaynolanorg\",\"https:\\\/\\\/www.linkedin.com\\\/company\\\/jay-nolan-community-services\"]},{\"@type\":\"Person\",\"@id\":\"https:\\\/\\\/jaynolan.org\\\/es\\\/#\\\/schema\\\/person\\\/14248571453a8e9c117019f8ed491cc2\",\"name\":\"Marina Gavryushkina\",\"description\":\"Marina is the Manager of Communications &amp; Development at Jay Nolan Community Services. Her role includes outreach and spreading awareness of the mission of the organization through storytelling, social media, and other online communications efforts. Marina is a lifelong learner and holds as a Bachelors degree from the University of California, Berkeley, and an Masters degree from Leiden University in the Netherlands.\"}]}<\/script>\n<!-- \/ Yoast SEO plugin. -->","yoast_head_json":{"title":"Lo que significa ser un aliado para las personas con discapacidades del desarrollo - Jay Nolan Community Services","description":"\u00bfQu\u00e9 te parece un aliado? Cualquiera puede ser un aliado, y Jay Nolan Community Services est\u00e1 lleno de personas listas para ser ese apoyo.","robots":{"index":"index","follow":"follow","max-snippet":"max-snippet:-1","max-image-preview":"max-image-preview:large","max-video-preview":"max-video-preview:-1"},"canonical":"https:\/\/jaynolan.org\/es\/lo-que-significa-ser-un-aliado-para-las-personas-con-discapacidades-del-desarrollo\/","og_locale":"es_ES","og_type":"article","og_title":"Lo que significa ser un aliado para las personas con discapacidades del desarrollo - Jay Nolan Community Services","og_description":"\u00bfQu\u00e9 te parece un aliado? Cualquiera puede ser un aliado, y Jay Nolan Community Services est\u00e1 lleno de personas listas para ser ese apoyo.","og_url":"https:\/\/jaynolan.org\/es\/lo-que-significa-ser-un-aliado-para-las-personas-con-discapacidades-del-desarrollo\/","og_site_name":"Jay Nolan Community Services","article_publisher":"https:\/\/www.facebook.com\/JayNolanCommunityServices\/","article_published_time":"2021-03-08T19:25:53+00:00","article_modified_time":"2025-10-10T16:54:04+00:00","og_image":[{"width":1024,"height":768,"url":"https:\/\/jaynolan.org\/wp-content\/uploads\/2021\/03\/being-an-ally-image.jpg","type":"image\/jpeg"}],"author":"Marina Gavryushkina","twitter_card":"summary_large_image","twitter_creator":"@jaynolanorg","twitter_site":"@jaynolanorg","twitter_misc":{"Escrito por":"Marina Gavryushkina","Tiempo de lectura":"2 minutos"},"schema":{"@context":"https:\/\/schema.org","@graph":[{"@type":"Article","@id":"https:\/\/jaynolan.org\/es\/lo-que-significa-ser-un-aliado-para-las-personas-con-discapacidades-del-desarrollo\/#article","isPartOf":{"@id":"https:\/\/jaynolan.org\/es\/lo-que-significa-ser-un-aliado-para-las-personas-con-discapacidades-del-desarrollo\/"},"author":{"name":"Marina Gavryushkina","@id":"https:\/\/jaynolan.org\/es\/#\/schema\/person\/14248571453a8e9c117019f8ed491cc2"},"headline":"Lo que significa ser un aliado para las personas con discapacidades del desarrollo","datePublished":"2021-03-08T19:25:53+00:00","dateModified":"2025-10-10T16:54:04+00:00","mainEntityOfPage":{"@id":"https:\/\/jaynolan.org\/es\/lo-que-significa-ser-un-aliado-para-las-personas-con-discapacidades-del-desarrollo\/"},"wordCount":506,"commentCount":0,"publisher":{"@id":"https:\/\/jaynolan.org\/es\/#organization"},"image":{"@id":"https:\/\/jaynolan.org\/es\/lo-que-significa-ser-un-aliado-para-las-personas-con-discapacidades-del-desarrollo\/#primaryimage"},"thumbnailUrl":"https:\/\/jaynolan.org\/wp-content\/uploads\/2021\/03\/being-an-ally-image.jpg","articleSection":["Noticias y art\u00edculos","P\u00e1gina delantera"],"inLanguage":"es","potentialAction":[{"@type":"CommentAction","name":"Comment","target":["https:\/\/jaynolan.org\/es\/lo-que-significa-ser-un-aliado-para-las-personas-con-discapacidades-del-desarrollo\/#respond"]}]},{"@type":"WebPage","@id":"https:\/\/jaynolan.org\/es\/lo-que-significa-ser-un-aliado-para-las-personas-con-discapacidades-del-desarrollo\/","url":"https:\/\/jaynolan.org\/es\/lo-que-significa-ser-un-aliado-para-las-personas-con-discapacidades-del-desarrollo\/","name":"Lo que significa ser un aliado para las personas con discapacidades del desarrollo - Jay Nolan Community Services","isPartOf":{"@id":"https:\/\/jaynolan.org\/es\/#website"},"primaryImageOfPage":{"@id":"https:\/\/jaynolan.org\/es\/lo-que-significa-ser-un-aliado-para-las-personas-con-discapacidades-del-desarrollo\/#primaryimage"},"image":{"@id":"https:\/\/jaynolan.org\/es\/lo-que-significa-ser-un-aliado-para-las-personas-con-discapacidades-del-desarrollo\/#primaryimage"},"thumbnailUrl":"https:\/\/jaynolan.org\/wp-content\/uploads\/2021\/03\/being-an-ally-image.jpg","datePublished":"2021-03-08T19:25:53+00:00","dateModified":"2025-10-10T16:54:04+00:00","description":"\u00bfQu\u00e9 te parece un aliado? Cualquiera puede ser un aliado, y Jay Nolan Community Services est\u00e1 lleno de personas listas para ser ese apoyo.","breadcrumb":{"@id":"https:\/\/jaynolan.org\/es\/lo-que-significa-ser-un-aliado-para-las-personas-con-discapacidades-del-desarrollo\/#breadcrumb"},"inLanguage":"es","potentialAction":[{"@type":"ReadAction","target":["https:\/\/jaynolan.org\/es\/lo-que-significa-ser-un-aliado-para-las-personas-con-discapacidades-del-desarrollo\/"]}]},{"@type":"ImageObject","inLanguage":"es","@id":"https:\/\/jaynolan.org\/es\/lo-que-significa-ser-un-aliado-para-las-personas-con-discapacidades-del-desarrollo\/#primaryimage","url":"https:\/\/jaynolan.org\/wp-content\/uploads\/2021\/03\/being-an-ally-image.jpg","contentUrl":"https:\/\/jaynolan.org\/wp-content\/uploads\/2021\/03\/being-an-ally-image.jpg","width":1024,"height":768},{"@type":"BreadcrumbList","@id":"https:\/\/jaynolan.org\/es\/lo-que-significa-ser-un-aliado-para-las-personas-con-discapacidades-del-desarrollo\/#breadcrumb","itemListElement":[{"@type":"ListItem","position":1,"name":"Home","item":"https:\/\/jaynolan.org\/es\/"},{"@type":"ListItem","position":2,"name":"Lo que significa ser un aliado para las personas con discapacidades del desarrollo"}]},{"@type":"WebSite","@id":"https:\/\/jaynolan.org\/es\/#website","url":"https:\/\/jaynolan.org\/es\/","name":"Jay Nolan Community Services","description":"Making a difference since 1975","publisher":{"@id":"https:\/\/jaynolan.org\/es\/#organization"},"potentialAction":[{"@type":"SearchAction","target":{"@type":"EntryPoint","urlTemplate":"https:\/\/jaynolan.org\/es\/?s={search_term_string}"},"query-input":{"@type":"PropertyValueSpecification","valueRequired":true,"valueName":"search_term_string"}}],"inLanguage":"es"},{"@type":"Organization","@id":"https:\/\/jaynolan.org\/es\/#organization","name":"Jay Nolan Community Service","url":"https:\/\/jaynolan.org\/es\/","logo":{"@type":"ImageObject","inLanguage":"es","@id":"https:\/\/jaynolan.org\/es\/#\/schema\/logo\/image\/","url":"https:\/\/jaynolan.org\/wp-content\/uploads\/2019\/04\/jncs6.png","contentUrl":"https:\/\/jaynolan.org\/wp-content\/uploads\/2019\/04\/jncs6.png","width":200,"height":60,"caption":"Jay Nolan Community Service"},"image":{"@id":"https:\/\/jaynolan.org\/es\/#\/schema\/logo\/image\/"},"sameAs":["https:\/\/www.facebook.com\/JayNolanCommunityServices\/","https:\/\/x.com\/jaynolanorg","https:\/\/www.linkedin.com\/company\/jay-nolan-community-services"]},{"@type":"Person","@id":"https:\/\/jaynolan.org\/es\/#\/schema\/person\/14248571453a8e9c117019f8ed491cc2","name":"Marina Gavryushkina","description":"Marina is the Manager of Communications &amp; Development at Jay Nolan Community Services. Her role includes outreach and spreading awareness of the mission of the organization through storytelling, social media, and other online communications efforts. Marina is a lifelong learner and holds as a Bachelors degree from the University of California, Berkeley, and an Masters degree from Leiden University in the Netherlands."}]}},"_links":{"self":[{"href":"https:\/\/jaynolan.org\/es\/wp-json\/wp\/v2\/posts\/17185","targetHints":{"allow":["GET"]}}],"collection":[{"href":"https:\/\/jaynolan.org\/es\/wp-json\/wp\/v2\/posts"}],"about":[{"href":"https:\/\/jaynolan.org\/es\/wp-json\/wp\/v2\/types\/post"}],"author":[{"embeddable":true,"href":"https:\/\/jaynolan.org\/es\/wp-json\/wp\/v2\/users\/4"}],"replies":[{"embeddable":true,"href":"https:\/\/jaynolan.org\/es\/wp-json\/wp\/v2\/comments?post=17185"}],"version-history":[{"count":1,"href":"https:\/\/jaynolan.org\/es\/wp-json\/wp\/v2\/posts\/17185\/revisions"}],"predecessor-version":[{"id":30662,"href":"https:\/\/jaynolan.org\/es\/wp-json\/wp\/v2\/posts\/17185\/revisions\/30662"}],"wp:featuredmedia":[{"embeddable":true,"href":"https:\/\/jaynolan.org\/es\/wp-json\/wp\/v2\/media\/16360"}],"wp:attachment":[{"href":"https:\/\/jaynolan.org\/es\/wp-json\/wp\/v2\/media?parent=17185"}],"wp:term":[{"taxonomy":"category","embeddable":true,"href":"https:\/\/jaynolan.org\/es\/wp-json\/wp\/v2\/categories?post=17185"},{"taxonomy":"post_tag","embeddable":true,"href":"https:\/\/jaynolan.org\/es\/wp-json\/wp\/v2\/tags?post=17185"}],"curies":[{"name":"wp","href":"https:\/\/api.w.org\/{rel}","templated":true}]}}