{"id":17186,"date":"2021-03-02T06:03:47","date_gmt":"2021-03-02T14:03:47","guid":{"rendered":"https:\/\/jaynolan.org\/informacion-del-paquete-de-ayuda-de-california-covid-19\/"},"modified":"2025-10-10T09:54:06","modified_gmt":"2025-10-10T16:54:06","slug":"informacion-del-paquete-de-ayuda-de-california-covid-19","status":"publish","type":"post","link":"https:\/\/jaynolan.org\/es\/informacion-del-paquete-de-ayuda-de-california-covid-19\/","title":{"rendered":"Informaci\u00f3n del paquete de ayuda de California COVID-19"},"content":{"rendered":"<p>La semana pasada, la Legislatura de California aprob\u00f3 un paquete de ayuda y est\u00edmulo inmediato para las familias y las empresas m\u00e1s afectadas por la recesi\u00f3n del COVID-19. As\u00ed es como puede afectar a ciertas familias, clientes y personal de JNCS.<\/p>\n<p><em>(Fuente: la <strong><a href=\"https:\/\/sd10.senate.ca.gov\/news\/2021-02-22-important-covid-19-relief-package-information\" target=\"_blank\" rel=\"noopener\">website of Senator Bob Wiechowski): <\/a><\/strong> <\/em><\/p>\n<p>El paquete ofrece $7.6 mil millones en asistencia en forma de alivio de tarifas, pagos de est\u00edmulo, asistencia financiera, subsidios para el cuidado de ni\u00f1os y ayuda estudiantil para familias y empresas que han enfrentado dificultades econ\u00f3micas devastadoras debido al COVID-19. Las familias y las empresas que previamente calificaron para programas estatales y ayuda federal como CalEITC, CalWORKs, CalFresh, subvenciones estatales para peque\u00f1as empresas y pr\u00e9stamos comerciales federales PPP, deben leer m\u00e1s para ver c\u00f3mo podr\u00eda ayudar este paquete de est\u00edmulo y ayuda.<\/p>\n<h4><strong>Alivio directo a individuos y familias<\/strong><\/h4>\n<p>Si calific\u00f3 para el EITC de California en 2020, tiene un n\u00famero de identificaci\u00f3n fiscal individual y se le excluy\u00f3 del est\u00edmulo federal, gana menos de $30,000 como individuo o $75,000 como hogar, puede ser elegible por \u00fanica vez,<strong> $600 stimulus payment.<\/strong><\/p>\n<p>Adem\u00e1s, si est\u00e1 inscrito en CalWORKs o recibe SSI\/SSP y el Programa de Asistencia en Efectivo para Inmigrantes (CAPI), puede ser elegible para una subvenci\u00f3n \u00fanica de $600.<\/p>\n<h4><strong>M\u00e1s recursos para el cuidado infantil cr\u00edtico<\/strong><\/h4>\n<p>El paquete agrega m\u00e1s de $400 millones en nuevos fondos federales que proporcionar\u00e1n estipendios de $525 por ni\u00f1o inscrito para todos los proveedores de cuidado infantil y preescolar subsidiados por el estado.<\/p>\n<p>Los nuevos recursos federales extender\u00e1n el cuidado de los hijos de los trabajadores esenciales hasta junio de 2022 y aumentar\u00e1n el acceso al cuidado infantil subsidiado para 8,000 hijos adicionales de trabajadores esenciales y ni\u00f1os en riesgo durante este per\u00edodo de tiempo.<\/p>\n<h4><strong>Ayuda Adicional para Individuos y Familias<\/strong><\/h4>\n<p>El paquete proporciona $ 24 millones adicionales para Vivienda para la Cosecha, un programa que brinda apoyo a los trabajadores agr\u00edcolas que han tenido que ponerse en cuarentena debido a COVID-19.<\/p>\n<p>El paquete tambi\u00e9n proporciona $35 millones combinados para bancos de alimentos y pa\u00f1ales.<\/p>\n<h4><strong>Alivio financiero de emergencia para apoyar a los estudiantes de colegios comunitarios<\/strong><\/h4>\n<p>El paquete proporciona $ 100 millones adicionales en ayuda financiera de emergencia para estudiantes de colegios comunitarios que califican y que est\u00e1n inscritos en seis o m\u00e1s unidades.<\/p>\n<h4><strong>Alcance estudiantil de CalFresh y asistencia con la solicitud<\/strong><\/h4>\n<p>El paquete proporciona aproximadamente $16 millones para apoyar el alcance y la asistencia de solicitud para estudiantes de educaci\u00f3n superior elegibles seg\u00fan sus ingresos para recibir asistencia alimentaria de CalFresh.<\/p>\n<h4>Aprende m\u00e1s:<\/h4>\n<ul>\n<li><strong><a href=\"https:\/\/www.latimes.com\/california\/story\/2021-02-23\/how-quickly-can-i-get-californias-600-covid-relief-checks-how-do-i-apply\" target=\"_blank\" rel=\"noopener\">\u00bfCu\u00e1ndo recibir\u00e9 mi cheque de est\u00edmulo? (Tiempos de Los \u00c1ngeles)<\/a><\/strong><\/li>\n<li><strong><a href=\"https:\/\/covid19.ca.gov\/\" target=\"_blank\" rel=\"noopener\">Informaci\u00f3n de California COVID-19 (https:\/\/covid19.ca.gov\/)<\/a><\/strong><\/li>\n<li><strong><a href=\"https:\/\/jaynolan.org\/company\/safety-corner\/\">Informaci\u00f3n sobre la vacuna COVID-19 para el personal de JNCS (jaynolan.org) <\/a><\/strong><\/li>\n<\/ul>\n","protected":false},"excerpt":{"rendered":"<p>La semana pasada, la Legislatura de California aprob\u00f3 un paquete de ayuda y est\u00edmulo inmediato para las familias y las empresas m\u00e1s afectadas por la recesi\u00f3n del COVID-19. As\u00ed es [&hellip;]<\/p>\n","protected":false},"author":4,"featured_media":16359,"comment_status":"open","ping_status":"closed","sticky":false,"template":"","format":"standard","meta":{"_acf_changed":false,"_price":"","_stock":"","_tribe_ticket_header":"","_tribe_default_ticket_provider":"","_tribe_ticket_capacity":"0","_ticket_start_date":"","_ticket_end_date":"","_tribe_ticket_show_description":"","_tribe_ticket_show_not_going":false,"_tribe_ticket_use_global_stock":"","_tribe_ticket_global_stock_level":"","_global_stock_mode":"","_global_stock_cap":"","_tribe_rsvp_for_event":"","_tribe_ticket_going_count":"","_tribe_ticket_not_going_count":"","_tribe_tickets_list":"[]","_tribe_ticket_has_attendee_info_fields":false,"footnotes":""},"categories":[152,112],"tags":[],"class_list":["post-17186","post","type-post","status-publish","format-standard","has-post-thumbnail","hentry","category-alertas-de-accion-archivadas","category-noticias-y-articulos"],"acf":[],"yoast_head":"<!-- This site is optimized with the Yoast SEO plugin v27.5 - https:\/\/yoast.com\/product\/yoast-seo-wordpress\/ -->\n<title>-<\/title>\n<meta name=\"description\" content=\"La semana pasada, la Legislatura de California aprob\u00f3 un paquete de est\u00edmulo para el alivio de COVID-9. As\u00ed es como puede afectar a los clientes y al personal de JNCS.\" \/>\n<meta name=\"robots\" content=\"index, follow, max-snippet:-1, max-image-preview:large, max-video-preview:-1\" \/>\n<link rel=\"canonical\" href=\"https:\/\/jaynolan.org\/es\/informacion-del-paquete-de-ayuda-de-california-covid-19\/\" \/>\n<meta property=\"og:locale\" content=\"es_ES\" \/>\n<meta property=\"og:type\" content=\"article\" \/>\n<meta property=\"og:title\" content=\"-\" \/>\n<meta property=\"og:description\" content=\"La semana pasada, la Legislatura de California aprob\u00f3 un paquete de est\u00edmulo para el alivio de COVID-9. As\u00ed es como puede afectar a los clientes y al personal de JNCS.\" \/>\n<meta property=\"og:url\" content=\"https:\/\/jaynolan.org\/es\/informacion-del-paquete-de-ayuda-de-california-covid-19\/\" \/>\n<meta property=\"og:site_name\" content=\"Jay Nolan Community Services\" \/>\n<meta property=\"article:publisher\" content=\"https:\/\/www.facebook.com\/JayNolanCommunityServices\/\" \/>\n<meta property=\"article:published_time\" content=\"2021-03-02T14:03:47+00:00\" \/>\n<meta property=\"article:modified_time\" content=\"2025-10-10T16:54:06+00:00\" \/>\n<meta property=\"og:image\" content=\"https:\/\/jaynolan.org\/wp-content\/uploads\/2021\/03\/covid-relief.jpg\" \/>\n\t<meta property=\"og:image:width\" content=\"1024\" \/>\n\t<meta property=\"og:image:height\" content=\"768\" \/>\n\t<meta property=\"og:image:type\" content=\"image\/jpeg\" \/>\n<meta name=\"author\" content=\"Marina Gavryushkina\" \/>\n<meta name=\"twitter:card\" content=\"summary_large_image\" \/>\n<meta name=\"twitter:creator\" content=\"@jaynolanorg\" \/>\n<meta name=\"twitter:site\" content=\"@jaynolanorg\" \/>\n<meta name=\"twitter:label1\" content=\"Escrito por\" \/>\n\t<meta name=\"twitter:data1\" content=\"Marina Gavryushkina\" \/>\n\t<meta name=\"twitter:label2\" content=\"Tiempo de lectura\" \/>\n\t<meta name=\"twitter:data2\" content=\"2 minutos\" \/>\n<script type=\"application\/ld+json\" class=\"yoast-schema-graph\">{\"@context\":\"https:\\\/\\\/schema.org\",\"@graph\":[{\"@type\":\"Article\",\"@id\":\"https:\\\/\\\/jaynolan.org\\\/es\\\/informacion-del-paquete-de-ayuda-de-california-covid-19\\\/#article\",\"isPartOf\":{\"@id\":\"https:\\\/\\\/jaynolan.org\\\/es\\\/informacion-del-paquete-de-ayuda-de-california-covid-19\\\/\"},\"author\":{\"name\":\"Marina Gavryushkina\",\"@id\":\"https:\\\/\\\/jaynolan.org\\\/es\\\/#\\\/schema\\\/person\\\/14248571453a8e9c117019f8ed491cc2\"},\"headline\":\"Informaci\u00f3n del paquete de ayuda de California COVID-19\",\"datePublished\":\"2021-03-02T14:03:47+00:00\",\"dateModified\":\"2025-10-10T16:54:06+00:00\",\"mainEntityOfPage\":{\"@id\":\"https:\\\/\\\/jaynolan.org\\\/es\\\/informacion-del-paquete-de-ayuda-de-california-covid-19\\\/\"},\"wordCount\":481,\"commentCount\":0,\"publisher\":{\"@id\":\"https:\\\/\\\/jaynolan.org\\\/es\\\/#organization\"},\"image\":{\"@id\":\"https:\\\/\\\/jaynolan.org\\\/es\\\/informacion-del-paquete-de-ayuda-de-california-covid-19\\\/#primaryimage\"},\"thumbnailUrl\":\"https:\\\/\\\/jaynolan.org\\\/wp-content\\\/uploads\\\/2021\\\/03\\\/covid-relief.jpg\",\"articleSection\":[\"Alertas de acci\u00f3n archivadas\",\"Noticias y art\u00edculos\"],\"inLanguage\":\"es\",\"potentialAction\":[{\"@type\":\"CommentAction\",\"name\":\"Comment\",\"target\":[\"https:\\\/\\\/jaynolan.org\\\/es\\\/informacion-del-paquete-de-ayuda-de-california-covid-19\\\/#respond\"]}]},{\"@type\":\"WebPage\",\"@id\":\"https:\\\/\\\/jaynolan.org\\\/es\\\/informacion-del-paquete-de-ayuda-de-california-covid-19\\\/\",\"url\":\"https:\\\/\\\/jaynolan.org\\\/es\\\/informacion-del-paquete-de-ayuda-de-california-covid-19\\\/\",\"name\":\"-\",\"isPartOf\":{\"@id\":\"https:\\\/\\\/jaynolan.org\\\/es\\\/#website\"},\"primaryImageOfPage\":{\"@id\":\"https:\\\/\\\/jaynolan.org\\\/es\\\/informacion-del-paquete-de-ayuda-de-california-covid-19\\\/#primaryimage\"},\"image\":{\"@id\":\"https:\\\/\\\/jaynolan.org\\\/es\\\/informacion-del-paquete-de-ayuda-de-california-covid-19\\\/#primaryimage\"},\"thumbnailUrl\":\"https:\\\/\\\/jaynolan.org\\\/wp-content\\\/uploads\\\/2021\\\/03\\\/covid-relief.jpg\",\"datePublished\":\"2021-03-02T14:03:47+00:00\",\"dateModified\":\"2025-10-10T16:54:06+00:00\",\"description\":\"La semana pasada, la Legislatura de California aprob\u00f3 un paquete de est\u00edmulo para el alivio de COVID-9. As\u00ed es como puede afectar a los clientes y al personal de JNCS.\",\"breadcrumb\":{\"@id\":\"https:\\\/\\\/jaynolan.org\\\/es\\\/informacion-del-paquete-de-ayuda-de-california-covid-19\\\/#breadcrumb\"},\"inLanguage\":\"es\",\"potentialAction\":[{\"@type\":\"ReadAction\",\"target\":[\"https:\\\/\\\/jaynolan.org\\\/es\\\/informacion-del-paquete-de-ayuda-de-california-covid-19\\\/\"]}]},{\"@type\":\"ImageObject\",\"inLanguage\":\"es\",\"@id\":\"https:\\\/\\\/jaynolan.org\\\/es\\\/informacion-del-paquete-de-ayuda-de-california-covid-19\\\/#primaryimage\",\"url\":\"https:\\\/\\\/jaynolan.org\\\/wp-content\\\/uploads\\\/2021\\\/03\\\/covid-relief.jpg\",\"contentUrl\":\"https:\\\/\\\/jaynolan.org\\\/wp-content\\\/uploads\\\/2021\\\/03\\\/covid-relief.jpg\",\"width\":1024,\"height\":768},{\"@type\":\"BreadcrumbList\",\"@id\":\"https:\\\/\\\/jaynolan.org\\\/es\\\/informacion-del-paquete-de-ayuda-de-california-covid-19\\\/#breadcrumb\",\"itemListElement\":[{\"@type\":\"ListItem\",\"position\":1,\"name\":\"Home\",\"item\":\"https:\\\/\\\/jaynolan.org\\\/es\\\/\"},{\"@type\":\"ListItem\",\"position\":2,\"name\":\"Informaci\u00f3n del paquete de ayuda de California COVID-19\"}]},{\"@type\":\"WebSite\",\"@id\":\"https:\\\/\\\/jaynolan.org\\\/es\\\/#website\",\"url\":\"https:\\\/\\\/jaynolan.org\\\/es\\\/\",\"name\":\"Jay Nolan Community Services\",\"description\":\"Making a difference since 1975\",\"publisher\":{\"@id\":\"https:\\\/\\\/jaynolan.org\\\/es\\\/#organization\"},\"potentialAction\":[{\"@type\":\"SearchAction\",\"target\":{\"@type\":\"EntryPoint\",\"urlTemplate\":\"https:\\\/\\\/jaynolan.org\\\/es\\\/?s={search_term_string}\"},\"query-input\":{\"@type\":\"PropertyValueSpecification\",\"valueRequired\":true,\"valueName\":\"search_term_string\"}}],\"inLanguage\":\"es\"},{\"@type\":\"Organization\",\"@id\":\"https:\\\/\\\/jaynolan.org\\\/es\\\/#organization\",\"name\":\"Jay Nolan Community Service\",\"url\":\"https:\\\/\\\/jaynolan.org\\\/es\\\/\",\"logo\":{\"@type\":\"ImageObject\",\"inLanguage\":\"es\",\"@id\":\"https:\\\/\\\/jaynolan.org\\\/es\\\/#\\\/schema\\\/logo\\\/image\\\/\",\"url\":\"https:\\\/\\\/jaynolan.org\\\/wp-content\\\/uploads\\\/2019\\\/04\\\/jncs6.png\",\"contentUrl\":\"https:\\\/\\\/jaynolan.org\\\/wp-content\\\/uploads\\\/2019\\\/04\\\/jncs6.png\",\"width\":200,\"height\":60,\"caption\":\"Jay Nolan Community Service\"},\"image\":{\"@id\":\"https:\\\/\\\/jaynolan.org\\\/es\\\/#\\\/schema\\\/logo\\\/image\\\/\"},\"sameAs\":[\"https:\\\/\\\/www.facebook.com\\\/JayNolanCommunityServices\\\/\",\"https:\\\/\\\/x.com\\\/jaynolanorg\",\"https:\\\/\\\/www.linkedin.com\\\/company\\\/jay-nolan-community-services\"]},{\"@type\":\"Person\",\"@id\":\"https:\\\/\\\/jaynolan.org\\\/es\\\/#\\\/schema\\\/person\\\/14248571453a8e9c117019f8ed491cc2\",\"name\":\"Marina Gavryushkina\",\"description\":\"Marina is the Manager of Communications &amp; Development at Jay Nolan Community Services. Her role includes outreach and spreading awareness of the mission of the organization through storytelling, social media, and other online communications efforts. Marina is a lifelong learner and holds as a Bachelors degree from the University of California, Berkeley, and an Masters degree from Leiden University in the Netherlands.\"}]}<\/script>\n<!-- \/ Yoast SEO plugin. -->","yoast_head_json":{"title":"-","description":"La semana pasada, la Legislatura de California aprob\u00f3 un paquete de est\u00edmulo para el alivio de COVID-9. As\u00ed es como puede afectar a los clientes y al personal de JNCS.","robots":{"index":"index","follow":"follow","max-snippet":"max-snippet:-1","max-image-preview":"max-image-preview:large","max-video-preview":"max-video-preview:-1"},"canonical":"https:\/\/jaynolan.org\/es\/informacion-del-paquete-de-ayuda-de-california-covid-19\/","og_locale":"es_ES","og_type":"article","og_title":"-","og_description":"La semana pasada, la Legislatura de California aprob\u00f3 un paquete de est\u00edmulo para el alivio de COVID-9. As\u00ed es como puede afectar a los clientes y al personal de JNCS.","og_url":"https:\/\/jaynolan.org\/es\/informacion-del-paquete-de-ayuda-de-california-covid-19\/","og_site_name":"Jay Nolan Community Services","article_publisher":"https:\/\/www.facebook.com\/JayNolanCommunityServices\/","article_published_time":"2021-03-02T14:03:47+00:00","article_modified_time":"2025-10-10T16:54:06+00:00","og_image":[{"width":1024,"height":768,"url":"https:\/\/jaynolan.org\/wp-content\/uploads\/2021\/03\/covid-relief.jpg","type":"image\/jpeg"}],"author":"Marina Gavryushkina","twitter_card":"summary_large_image","twitter_creator":"@jaynolanorg","twitter_site":"@jaynolanorg","twitter_misc":{"Escrito por":"Marina Gavryushkina","Tiempo de lectura":"2 minutos"},"schema":{"@context":"https:\/\/schema.org","@graph":[{"@type":"Article","@id":"https:\/\/jaynolan.org\/es\/informacion-del-paquete-de-ayuda-de-california-covid-19\/#article","isPartOf":{"@id":"https:\/\/jaynolan.org\/es\/informacion-del-paquete-de-ayuda-de-california-covid-19\/"},"author":{"name":"Marina Gavryushkina","@id":"https:\/\/jaynolan.org\/es\/#\/schema\/person\/14248571453a8e9c117019f8ed491cc2"},"headline":"Informaci\u00f3n del paquete de ayuda de California COVID-19","datePublished":"2021-03-02T14:03:47+00:00","dateModified":"2025-10-10T16:54:06+00:00","mainEntityOfPage":{"@id":"https:\/\/jaynolan.org\/es\/informacion-del-paquete-de-ayuda-de-california-covid-19\/"},"wordCount":481,"commentCount":0,"publisher":{"@id":"https:\/\/jaynolan.org\/es\/#organization"},"image":{"@id":"https:\/\/jaynolan.org\/es\/informacion-del-paquete-de-ayuda-de-california-covid-19\/#primaryimage"},"thumbnailUrl":"https:\/\/jaynolan.org\/wp-content\/uploads\/2021\/03\/covid-relief.jpg","articleSection":["Alertas de acci\u00f3n archivadas","Noticias y art\u00edculos"],"inLanguage":"es","potentialAction":[{"@type":"CommentAction","name":"Comment","target":["https:\/\/jaynolan.org\/es\/informacion-del-paquete-de-ayuda-de-california-covid-19\/#respond"]}]},{"@type":"WebPage","@id":"https:\/\/jaynolan.org\/es\/informacion-del-paquete-de-ayuda-de-california-covid-19\/","url":"https:\/\/jaynolan.org\/es\/informacion-del-paquete-de-ayuda-de-california-covid-19\/","name":"-","isPartOf":{"@id":"https:\/\/jaynolan.org\/es\/#website"},"primaryImageOfPage":{"@id":"https:\/\/jaynolan.org\/es\/informacion-del-paquete-de-ayuda-de-california-covid-19\/#primaryimage"},"image":{"@id":"https:\/\/jaynolan.org\/es\/informacion-del-paquete-de-ayuda-de-california-covid-19\/#primaryimage"},"thumbnailUrl":"https:\/\/jaynolan.org\/wp-content\/uploads\/2021\/03\/covid-relief.jpg","datePublished":"2021-03-02T14:03:47+00:00","dateModified":"2025-10-10T16:54:06+00:00","description":"La semana pasada, la Legislatura de California aprob\u00f3 un paquete de est\u00edmulo para el alivio de COVID-9. As\u00ed es como puede afectar a los clientes y al personal de JNCS.","breadcrumb":{"@id":"https:\/\/jaynolan.org\/es\/informacion-del-paquete-de-ayuda-de-california-covid-19\/#breadcrumb"},"inLanguage":"es","potentialAction":[{"@type":"ReadAction","target":["https:\/\/jaynolan.org\/es\/informacion-del-paquete-de-ayuda-de-california-covid-19\/"]}]},{"@type":"ImageObject","inLanguage":"es","@id":"https:\/\/jaynolan.org\/es\/informacion-del-paquete-de-ayuda-de-california-covid-19\/#primaryimage","url":"https:\/\/jaynolan.org\/wp-content\/uploads\/2021\/03\/covid-relief.jpg","contentUrl":"https:\/\/jaynolan.org\/wp-content\/uploads\/2021\/03\/covid-relief.jpg","width":1024,"height":768},{"@type":"BreadcrumbList","@id":"https:\/\/jaynolan.org\/es\/informacion-del-paquete-de-ayuda-de-california-covid-19\/#breadcrumb","itemListElement":[{"@type":"ListItem","position":1,"name":"Home","item":"https:\/\/jaynolan.org\/es\/"},{"@type":"ListItem","position":2,"name":"Informaci\u00f3n del paquete de ayuda de California COVID-19"}]},{"@type":"WebSite","@id":"https:\/\/jaynolan.org\/es\/#website","url":"https:\/\/jaynolan.org\/es\/","name":"Jay Nolan Community Services","description":"Making a difference since 1975","publisher":{"@id":"https:\/\/jaynolan.org\/es\/#organization"},"potentialAction":[{"@type":"SearchAction","target":{"@type":"EntryPoint","urlTemplate":"https:\/\/jaynolan.org\/es\/?s={search_term_string}"},"query-input":{"@type":"PropertyValueSpecification","valueRequired":true,"valueName":"search_term_string"}}],"inLanguage":"es"},{"@type":"Organization","@id":"https:\/\/jaynolan.org\/es\/#organization","name":"Jay Nolan Community Service","url":"https:\/\/jaynolan.org\/es\/","logo":{"@type":"ImageObject","inLanguage":"es","@id":"https:\/\/jaynolan.org\/es\/#\/schema\/logo\/image\/","url":"https:\/\/jaynolan.org\/wp-content\/uploads\/2019\/04\/jncs6.png","contentUrl":"https:\/\/jaynolan.org\/wp-content\/uploads\/2019\/04\/jncs6.png","width":200,"height":60,"caption":"Jay Nolan Community Service"},"image":{"@id":"https:\/\/jaynolan.org\/es\/#\/schema\/logo\/image\/"},"sameAs":["https:\/\/www.facebook.com\/JayNolanCommunityServices\/","https:\/\/x.com\/jaynolanorg","https:\/\/www.linkedin.com\/company\/jay-nolan-community-services"]},{"@type":"Person","@id":"https:\/\/jaynolan.org\/es\/#\/schema\/person\/14248571453a8e9c117019f8ed491cc2","name":"Marina Gavryushkina","description":"Marina is the Manager of Communications &amp; Development at Jay Nolan Community Services. Her role includes outreach and spreading awareness of the mission of the organization through storytelling, social media, and other online communications efforts. Marina is a lifelong learner and holds as a Bachelors degree from the University of California, Berkeley, and an Masters degree from Leiden University in the Netherlands."}]}},"_links":{"self":[{"href":"https:\/\/jaynolan.org\/es\/wp-json\/wp\/v2\/posts\/17186","targetHints":{"allow":["GET"]}}],"collection":[{"href":"https:\/\/jaynolan.org\/es\/wp-json\/wp\/v2\/posts"}],"about":[{"href":"https:\/\/jaynolan.org\/es\/wp-json\/wp\/v2\/types\/post"}],"author":[{"embeddable":true,"href":"https:\/\/jaynolan.org\/es\/wp-json\/wp\/v2\/users\/4"}],"replies":[{"embeddable":true,"href":"https:\/\/jaynolan.org\/es\/wp-json\/wp\/v2\/comments?post=17186"}],"version-history":[{"count":1,"href":"https:\/\/jaynolan.org\/es\/wp-json\/wp\/v2\/posts\/17186\/revisions"}],"predecessor-version":[{"id":30663,"href":"https:\/\/jaynolan.org\/es\/wp-json\/wp\/v2\/posts\/17186\/revisions\/30663"}],"wp:featuredmedia":[{"embeddable":true,"href":"https:\/\/jaynolan.org\/es\/wp-json\/wp\/v2\/media\/16359"}],"wp:attachment":[{"href":"https:\/\/jaynolan.org\/es\/wp-json\/wp\/v2\/media?parent=17186"}],"wp:term":[{"taxonomy":"category","embeddable":true,"href":"https:\/\/jaynolan.org\/es\/wp-json\/wp\/v2\/categories?post=17186"},{"taxonomy":"post_tag","embeddable":true,"href":"https:\/\/jaynolan.org\/es\/wp-json\/wp\/v2\/tags?post=17186"}],"curies":[{"name":"wp","href":"https:\/\/api.w.org\/{rel}","templated":true}]}}