{"id":17195,"date":"2020-08-20T10:00:11","date_gmt":"2020-08-20T17:00:11","guid":{"rendered":"https:\/\/jaynolan.org\/kimi-un-faro-de-esperanza\/"},"modified":"2024-02-28T20:54:10","modified_gmt":"2024-02-29T04:54:10","slug":"kimi-un-faro-de-esperanza","status":"publish","type":"post","link":"https:\/\/jaynolan.org\/es\/kimi-un-faro-de-esperanza\/","title":{"rendered":"Kimi: un faro de esperanza"},"content":{"rendered":"<p><strong>Siempre una fuerte defensora<\/strong><\/p>\n<p>Desde que se gradu\u00f3 de la escuela secundaria, Kimi ha estado con Jay Nolan con los servicios de facilitador comunitario y ha sido una firme defensora de sus necesidades y derechos. Kimi nunca tiene miedo de expresar lo que quiere. Como miembro desde hace mucho tiempo y representante de la <a href=\"https:\/\/jaynolan.org\/open-advocacy-forum\/\" target=\"_blank\" rel=\"noopener noreferrer\"><strong>JNCS Open Advocacy Forum<\/strong><\/a>, hace un gran trabajo creando conciencia sobre muchas situaciones diferentes y act\u00faa como activista para ella y los dem\u00e1s.<\/p>\n<div id='gallery-1' class='gallery galleryid-17195 gallery-columns-3 gallery-size-full'><figure class='gallery-item'>\n\t\t\t<div class='gallery-icon portrait'>\n\t\t\t\t<a href='https:\/\/jaynolan.org\/es\/kimi-3-blog-2\/'><img fetchpriority=\"high\" decoding=\"async\" width=\"533\" height=\"800\" src=\"https:\/\/jaynolan.org\/wp-content\/uploads\/2020\/08\/kimi-3-blog.jpeg\" class=\"attachment-full size-full\" alt=\"\" srcset=\"https:\/\/jaynolan.org\/wp-content\/uploads\/2020\/08\/kimi-3-blog.jpeg 533w, https:\/\/jaynolan.org\/wp-content\/uploads\/2020\/08\/kimi-3-blog-200x300.jpeg 200w\" sizes=\"(max-width: 533px) 100vw, 533px\" \/><\/a>\n\t\t\t<\/div><\/figure><figure class='gallery-item'>\n\t\t\t<div class='gallery-icon portrait'>\n\t\t\t\t<a href='https:\/\/jaynolan.org\/es\/kimi-1-blog-2\/'><img decoding=\"async\" width=\"533\" height=\"800\" src=\"https:\/\/jaynolan.org\/wp-content\/uploads\/2020\/08\/kimi-1-blog.jpeg\" class=\"attachment-full size-full\" alt=\"\" srcset=\"https:\/\/jaynolan.org\/wp-content\/uploads\/2020\/08\/kimi-1-blog.jpeg 533w, https:\/\/jaynolan.org\/wp-content\/uploads\/2020\/08\/kimi-1-blog-200x300.jpeg 200w\" sizes=\"(max-width: 533px) 100vw, 533px\" \/><\/a>\n\t\t\t<\/div><\/figure><figure class='gallery-item'>\n\t\t\t<div class='gallery-icon portrait'>\n\t\t\t\t<a href='https:\/\/jaynolan.org\/es\/kimi-4-blog-2\/'><img decoding=\"async\" width=\"533\" height=\"800\" src=\"https:\/\/jaynolan.org\/wp-content\/uploads\/2020\/08\/kimi-4-blog.jpeg\" class=\"attachment-full size-full\" alt=\"\" srcset=\"https:\/\/jaynolan.org\/wp-content\/uploads\/2020\/08\/kimi-4-blog.jpeg 533w, https:\/\/jaynolan.org\/wp-content\/uploads\/2020\/08\/kimi-4-blog-200x300.jpeg 200w\" sizes=\"(max-width: 533px) 100vw, 533px\" \/><\/a>\n\t\t\t<\/div><\/figure>\n\t\t<\/div>\n\n<p>&nbsp;<\/p>\n<h4>Una mariposa social<\/h4>\n<p>Kimi siempre ha sido un esp\u00edritu tan libre como una mariposa social. Le encanta interactuar y hablar con la gente todo el tiempo. Su persona de apoyo, Myrna, sonr\u00ede y dice que Kimi es \u00abextremadamente sociable\u00bb y que \u00able encanta reunirse con amigos y su novio\u00bb. Conoci\u00f3 a su novio, Jeffery, a trav\u00e9s de los servicios en los que estaban porque compartieron la misma persona de apoyo en un momento dado. Han sido mejores amigos desde que se presentaron por primera vez y se quieren mucho.<\/p>\n<p>Jeffery y Kimi tambi\u00e9n comparten el amor por Disney. Planifican viajes y citas a Disneyland con regularidad, y por lo general tambi\u00e9n se disfrazan. Los personajes favoritos de Kimi son los cl\u00e1sicos Mickey y Minnie Mouse. Lo que m\u00e1s le gusta hacer en los parques Disneyland y California Adventure es explorar todas las avenidas y calles. Le encanta disfrutar de todas las vistas m\u00e1gicas. Incluso se supon\u00eda que Kimi iba a desayunar con los personajes en su cumplea\u00f1os este a\u00f1o, pero desafortunadamente, el desayuno se cancel\u00f3 debido a COVID-19.<\/p>\n<div id='gallery-2' class='gallery galleryid-17195 gallery-columns-3 gallery-size-full'><figure class='gallery-item'>\n\t\t\t<div class='gallery-icon portrait'>\n\t\t\t\t<a href='https:\/\/jaynolan.org\/es\/kimi-2-blog-2\/'><img loading=\"lazy\" decoding=\"async\" width=\"533\" height=\"800\" src=\"https:\/\/jaynolan.org\/wp-content\/uploads\/2020\/08\/kimi-2-blog.jpeg\" class=\"attachment-full size-full\" alt=\"\" srcset=\"https:\/\/jaynolan.org\/wp-content\/uploads\/2020\/08\/kimi-2-blog.jpeg 533w, https:\/\/jaynolan.org\/wp-content\/uploads\/2020\/08\/kimi-2-blog-200x300.jpeg 200w\" sizes=\"(max-width: 533px) 100vw, 533px\" \/><\/a>\n\t\t\t<\/div><\/figure><figure class='gallery-item'>\n\t\t\t<div class='gallery-icon portrait'>\n\t\t\t\t<a href='https:\/\/jaynolan.org\/es\/kimi-7-blog-2\/'><img loading=\"lazy\" decoding=\"async\" width=\"533\" height=\"800\" src=\"https:\/\/jaynolan.org\/wp-content\/uploads\/2020\/08\/kimi-7-blog.jpeg\" class=\"attachment-full size-full\" alt=\"\" srcset=\"https:\/\/jaynolan.org\/wp-content\/uploads\/2020\/08\/kimi-7-blog.jpeg 533w, https:\/\/jaynolan.org\/wp-content\/uploads\/2020\/08\/kimi-7-blog-200x300.jpeg 200w\" sizes=\"(max-width: 533px) 100vw, 533px\" \/><\/a>\n\t\t\t<\/div><\/figure><figure class='gallery-item'>\n\t\t\t<div class='gallery-icon portrait'>\n\t\t\t\t<a href='https:\/\/jaynolan.org\/es\/kimi-6-blog-2\/'><img loading=\"lazy\" decoding=\"async\" width=\"533\" height=\"800\" src=\"https:\/\/jaynolan.org\/wp-content\/uploads\/2020\/08\/kimi-6-blog.jpeg\" class=\"attachment-full size-full\" alt=\"\" srcset=\"https:\/\/jaynolan.org\/wp-content\/uploads\/2020\/08\/kimi-6-blog.jpeg 533w, https:\/\/jaynolan.org\/wp-content\/uploads\/2020\/08\/kimi-6-blog-200x300.jpeg 200w\" sizes=\"(max-width: 533px) 100vw, 533px\" \/><\/a>\n\t\t\t<\/div><\/figure>\n\t\t<\/div>\n\n<p>&nbsp;<\/p>\n<h4>La vida desde la pandemia<\/h4>\n<p>Myrna admite que desde COVID, \u201ctodo ha cambiado\u201d. Ha sido un desaf\u00edo para Kimi y su personal porque siempre han estado muy acostumbrados a salir y relacionarse con los dem\u00e1s. Ahora el horario de Kimi se ha convertido casi por completo en l\u00ednea. Ella siempre est\u00e1 esperando la <a href=\"https:\/\/jaynolan.org\/get-involved\/upcoming-events\/\" target=\"_blank\" rel=\"noopener noreferrer\"><strong>juegos de bingo en l\u00ednea<\/strong><\/a> organizado por Jay Nolan y reuniones con el Open Advocacy Forum en l\u00ednea todos los mi\u00e9rcoles. Gracias a Zoom y FaceTime, puede seguir interactuando con amigos y familiares. Sin embargo, para el cumplea\u00f1os de Jeffery, ella pudo participar en la celebraci\u00f3n.<\/p>\n<p>Siendo tan extrovertida como Kimi, quedarse en casa no era lo ideal. Pero ni una sola vez Kimi se sent\u00f3 y se rindi\u00f3. Hizo todo lo posible por llamar y hablar con sus seres queridos. Pidi\u00f3 salir a conducir, cocinar y jugar para mantenerse ocupada. Kimi no solo estaba decidida a seguir viviendo de la manera que quer\u00eda, sino que su incre\u00edble personal la ayud\u00f3 durante todo el proceso sin fallar. Kimi demuestra continuamente su personalidad alegre y su buen coraz\u00f3n, incluso en estas circunstancias dif\u00edciles, lo que convierte a su hermosa alma en un faro de esperanza para quienes tienen la suerte de conocerla.<\/p>\n<p><strong>Leer m\u00e1s:<\/strong> \u00a1Kimi apareci\u00f3 en el Informe Anual de JNCS el a\u00f1o pasado! Lea sobre su vida antes del COVID-19 <a href=\"https:\/\/jaynolan.org\/kimis-success-story\/\" target=\"_blank\" rel=\"noopener noreferrer\"><strong>AQU\u00cd<\/strong><\/a>.<\/p>\n<hr>\n<p><strong>Ayude a asegurarse de que Kimi y otras personas con autismo y otras discapacidades del desarrollo en California reciban el apoyo que necesitan para tener \u00e9xito:<\/strong><\/p>\n<p><a href=\"http:\/\/jaynolan.networkforgood.com\/\"><img loading=\"lazy\" decoding=\"async\" class=\"alignleft wp-image-7261 size-full\" src=\"https:\/\/jaynolan.org\/wp-content\/uploads\/2019\/10\/donate-button-web.png\" alt=\"\" width=\"136\" height=\"42\"><\/a><\/p>\n","protected":false},"excerpt":{"rendered":"<p>Siempre una fuerte defensora Desde que se gradu\u00f3 de la escuela secundaria, Kimi ha estado con Jay Nolan con los servicios de facilitador comunitario y ha sido una firme defensora [&hellip;]<\/p>\n","protected":false},"author":4,"featured_media":16326,"comment_status":"open","ping_status":"closed","sticky":false,"template":"","format":"standard","meta":{"_acf_changed":false,"_price":"","_stock":"","_tribe_ticket_header":"","_tribe_default_ticket_provider":"","_tribe_ticket_capacity":"","_ticket_start_date":"","_ticket_end_date":"","_tribe_ticket_show_description":"","_tribe_ticket_show_not_going":false,"_tribe_ticket_use_global_stock":"","_tribe_ticket_global_stock_level":"","_global_stock_mode":"","_global_stock_cap":"","_tribe_rsvp_for_event":"","_tribe_ticket_going_count":"","_tribe_ticket_not_going_count":"","_tribe_tickets_list":"[]","_tribe_ticket_has_attendee_info_fields":false,"footnotes":""},"categories":[113,151],"tags":[],"class_list":["post-17195","post","type-post","status-publish","format-standard","has-post-thumbnail","hentry","category-historias-de-exito","category-pagina-delantera"],"acf":[],"yoast_head":"<!-- This site is optimized with the Yoast SEO plugin v27.4 - https:\/\/yoast.com\/product\/yoast-seo-wordpress\/ -->\n<title>Kimi: un faro de esperanza - Jay Nolan Community Services<\/title>\n<meta name=\"description\" content=\"Kimi demuestra su personalidad alegre en estas dif\u00edciles circunstancias, lo que la convierte en un faro de esperanza para quienes tienen la suerte de conocerla.\" \/>\n<meta name=\"robots\" content=\"index, follow, max-snippet:-1, max-image-preview:large, max-video-preview:-1\" \/>\n<link rel=\"canonical\" href=\"https:\/\/jaynolan.org\/es\/kimi-un-faro-de-esperanza\/\" \/>\n<meta property=\"og:locale\" content=\"es_ES\" \/>\n<meta property=\"og:type\" content=\"article\" \/>\n<meta property=\"og:title\" content=\"Kimi: un faro de esperanza - Jay Nolan Community Services\" \/>\n<meta property=\"og:description\" content=\"Kimi demuestra su personalidad alegre en estas dif\u00edciles circunstancias, lo que la convierte en un faro de esperanza para quienes tienen la suerte de conocerla.\" \/>\n<meta property=\"og:url\" content=\"https:\/\/jaynolan.org\/es\/kimi-un-faro-de-esperanza\/\" \/>\n<meta property=\"og:site_name\" content=\"Jay Nolan Community Services\" \/>\n<meta property=\"article:publisher\" content=\"https:\/\/www.facebook.com\/JayNolanCommunityServices\/\" \/>\n<meta property=\"article:published_time\" content=\"2020-08-20T17:00:11+00:00\" \/>\n<meta property=\"article:modified_time\" content=\"2024-02-29T04:54:10+00:00\" \/>\n<meta property=\"og:image\" content=\"https:\/\/jaynolan.org\/wp-content\/uploads\/2020\/08\/kimi-featured-image.jpg\" \/>\n\t<meta property=\"og:image:width\" content=\"1024\" \/>\n\t<meta property=\"og:image:height\" content=\"768\" \/>\n\t<meta property=\"og:image:type\" content=\"image\/jpeg\" \/>\n<meta name=\"author\" content=\"Marina Gavryushkina\" \/>\n<meta name=\"twitter:card\" content=\"summary_large_image\" \/>\n<meta name=\"twitter:creator\" content=\"@jaynolanorg\" \/>\n<meta name=\"twitter:site\" content=\"@jaynolanorg\" \/>\n<meta name=\"twitter:label1\" content=\"Escrito por\" \/>\n\t<meta name=\"twitter:data1\" content=\"Marina Gavryushkina\" \/>\n\t<meta name=\"twitter:label2\" content=\"Tiempo de lectura\" \/>\n\t<meta name=\"twitter:data2\" content=\"3 minutos\" \/>\n<script type=\"application\/ld+json\" class=\"yoast-schema-graph\">{\"@context\":\"https:\\\/\\\/schema.org\",\"@graph\":[{\"@type\":\"Article\",\"@id\":\"https:\\\/\\\/jaynolan.org\\\/es\\\/kimi-un-faro-de-esperanza\\\/#article\",\"isPartOf\":{\"@id\":\"https:\\\/\\\/jaynolan.org\\\/es\\\/kimi-un-faro-de-esperanza\\\/\"},\"author\":{\"name\":\"Marina Gavryushkina\",\"@id\":\"https:\\\/\\\/jaynolan.org\\\/es\\\/#\\\/schema\\\/person\\\/14248571453a8e9c117019f8ed491cc2\"},\"headline\":\"Kimi: un faro de esperanza\",\"datePublished\":\"2020-08-20T17:00:11+00:00\",\"dateModified\":\"2024-02-29T04:54:10+00:00\",\"mainEntityOfPage\":{\"@id\":\"https:\\\/\\\/jaynolan.org\\\/es\\\/kimi-un-faro-de-esperanza\\\/\"},\"wordCount\":548,\"commentCount\":0,\"publisher\":{\"@id\":\"https:\\\/\\\/jaynolan.org\\\/es\\\/#organization\"},\"image\":{\"@id\":\"https:\\\/\\\/jaynolan.org\\\/es\\\/kimi-un-faro-de-esperanza\\\/#primaryimage\"},\"thumbnailUrl\":\"https:\\\/\\\/jaynolan.org\\\/wp-content\\\/uploads\\\/2020\\\/08\\\/kimi-featured-image.jpg\",\"articleSection\":[\"Historias de \u00e9xito\",\"P\u00e1gina delantera\"],\"inLanguage\":\"es\",\"potentialAction\":[{\"@type\":\"CommentAction\",\"name\":\"Comment\",\"target\":[\"https:\\\/\\\/jaynolan.org\\\/es\\\/kimi-un-faro-de-esperanza\\\/#respond\"]}]},{\"@type\":\"WebPage\",\"@id\":\"https:\\\/\\\/jaynolan.org\\\/es\\\/kimi-un-faro-de-esperanza\\\/\",\"url\":\"https:\\\/\\\/jaynolan.org\\\/es\\\/kimi-un-faro-de-esperanza\\\/\",\"name\":\"Kimi: un faro de esperanza - Jay Nolan Community Services\",\"isPartOf\":{\"@id\":\"https:\\\/\\\/jaynolan.org\\\/es\\\/#website\"},\"primaryImageOfPage\":{\"@id\":\"https:\\\/\\\/jaynolan.org\\\/es\\\/kimi-un-faro-de-esperanza\\\/#primaryimage\"},\"image\":{\"@id\":\"https:\\\/\\\/jaynolan.org\\\/es\\\/kimi-un-faro-de-esperanza\\\/#primaryimage\"},\"thumbnailUrl\":\"https:\\\/\\\/jaynolan.org\\\/wp-content\\\/uploads\\\/2020\\\/08\\\/kimi-featured-image.jpg\",\"datePublished\":\"2020-08-20T17:00:11+00:00\",\"dateModified\":\"2024-02-29T04:54:10+00:00\",\"description\":\"Kimi demuestra su personalidad alegre en estas dif\u00edciles circunstancias, lo que la convierte en un faro de esperanza para quienes tienen la suerte de conocerla.\",\"breadcrumb\":{\"@id\":\"https:\\\/\\\/jaynolan.org\\\/es\\\/kimi-un-faro-de-esperanza\\\/#breadcrumb\"},\"inLanguage\":\"es\",\"potentialAction\":[{\"@type\":\"ReadAction\",\"target\":[\"https:\\\/\\\/jaynolan.org\\\/es\\\/kimi-un-faro-de-esperanza\\\/\"]}]},{\"@type\":\"ImageObject\",\"inLanguage\":\"es\",\"@id\":\"https:\\\/\\\/jaynolan.org\\\/es\\\/kimi-un-faro-de-esperanza\\\/#primaryimage\",\"url\":\"https:\\\/\\\/jaynolan.org\\\/wp-content\\\/uploads\\\/2020\\\/08\\\/kimi-featured-image.jpg\",\"contentUrl\":\"https:\\\/\\\/jaynolan.org\\\/wp-content\\\/uploads\\\/2020\\\/08\\\/kimi-featured-image.jpg\",\"width\":1024,\"height\":768},{\"@type\":\"BreadcrumbList\",\"@id\":\"https:\\\/\\\/jaynolan.org\\\/es\\\/kimi-un-faro-de-esperanza\\\/#breadcrumb\",\"itemListElement\":[{\"@type\":\"ListItem\",\"position\":1,\"name\":\"Home\",\"item\":\"https:\\\/\\\/jaynolan.org\\\/es\\\/\"},{\"@type\":\"ListItem\",\"position\":2,\"name\":\"Kimi: un faro de esperanza\"}]},{\"@type\":\"WebSite\",\"@id\":\"https:\\\/\\\/jaynolan.org\\\/es\\\/#website\",\"url\":\"https:\\\/\\\/jaynolan.org\\\/es\\\/\",\"name\":\"Jay Nolan Community Services\",\"description\":\"Making a difference since 1975\",\"publisher\":{\"@id\":\"https:\\\/\\\/jaynolan.org\\\/es\\\/#organization\"},\"potentialAction\":[{\"@type\":\"SearchAction\",\"target\":{\"@type\":\"EntryPoint\",\"urlTemplate\":\"https:\\\/\\\/jaynolan.org\\\/es\\\/?s={search_term_string}\"},\"query-input\":{\"@type\":\"PropertyValueSpecification\",\"valueRequired\":true,\"valueName\":\"search_term_string\"}}],\"inLanguage\":\"es\"},{\"@type\":\"Organization\",\"@id\":\"https:\\\/\\\/jaynolan.org\\\/es\\\/#organization\",\"name\":\"Jay Nolan Community Service\",\"url\":\"https:\\\/\\\/jaynolan.org\\\/es\\\/\",\"logo\":{\"@type\":\"ImageObject\",\"inLanguage\":\"es\",\"@id\":\"https:\\\/\\\/jaynolan.org\\\/es\\\/#\\\/schema\\\/logo\\\/image\\\/\",\"url\":\"https:\\\/\\\/jaynolan.org\\\/wp-content\\\/uploads\\\/2019\\\/04\\\/jncs6.png\",\"contentUrl\":\"https:\\\/\\\/jaynolan.org\\\/wp-content\\\/uploads\\\/2019\\\/04\\\/jncs6.png\",\"width\":200,\"height\":60,\"caption\":\"Jay Nolan Community Service\"},\"image\":{\"@id\":\"https:\\\/\\\/jaynolan.org\\\/es\\\/#\\\/schema\\\/logo\\\/image\\\/\"},\"sameAs\":[\"https:\\\/\\\/www.facebook.com\\\/JayNolanCommunityServices\\\/\",\"https:\\\/\\\/x.com\\\/jaynolanorg\",\"https:\\\/\\\/www.linkedin.com\\\/company\\\/jay-nolan-community-services\"]},{\"@type\":\"Person\",\"@id\":\"https:\\\/\\\/jaynolan.org\\\/es\\\/#\\\/schema\\\/person\\\/14248571453a8e9c117019f8ed491cc2\",\"name\":\"Marina Gavryushkina\",\"description\":\"Marina is the Manager of Communications &amp; Development at Jay Nolan Community Services. Her role includes outreach and spreading awareness of the mission of the organization through storytelling, social media, and other online communications efforts. Marina is a lifelong learner and holds as a Bachelors degree from the University of California, Berkeley, and an Masters degree from Leiden University in the Netherlands.\"}]}<\/script>\n<!-- \/ Yoast SEO plugin. -->","yoast_head_json":{"title":"Kimi: un faro de esperanza - Jay Nolan Community Services","description":"Kimi demuestra su personalidad alegre en estas dif\u00edciles circunstancias, lo que la convierte en un faro de esperanza para quienes tienen la suerte de conocerla.","robots":{"index":"index","follow":"follow","max-snippet":"max-snippet:-1","max-image-preview":"max-image-preview:large","max-video-preview":"max-video-preview:-1"},"canonical":"https:\/\/jaynolan.org\/es\/kimi-un-faro-de-esperanza\/","og_locale":"es_ES","og_type":"article","og_title":"Kimi: un faro de esperanza - Jay Nolan Community Services","og_description":"Kimi demuestra su personalidad alegre en estas dif\u00edciles circunstancias, lo que la convierte en un faro de esperanza para quienes tienen la suerte de conocerla.","og_url":"https:\/\/jaynolan.org\/es\/kimi-un-faro-de-esperanza\/","og_site_name":"Jay Nolan Community Services","article_publisher":"https:\/\/www.facebook.com\/JayNolanCommunityServices\/","article_published_time":"2020-08-20T17:00:11+00:00","article_modified_time":"2024-02-29T04:54:10+00:00","og_image":[{"width":1024,"height":768,"url":"https:\/\/jaynolan.org\/wp-content\/uploads\/2020\/08\/kimi-featured-image.jpg","type":"image\/jpeg"}],"author":"Marina Gavryushkina","twitter_card":"summary_large_image","twitter_creator":"@jaynolanorg","twitter_site":"@jaynolanorg","twitter_misc":{"Escrito por":"Marina Gavryushkina","Tiempo de lectura":"3 minutos"},"schema":{"@context":"https:\/\/schema.org","@graph":[{"@type":"Article","@id":"https:\/\/jaynolan.org\/es\/kimi-un-faro-de-esperanza\/#article","isPartOf":{"@id":"https:\/\/jaynolan.org\/es\/kimi-un-faro-de-esperanza\/"},"author":{"name":"Marina Gavryushkina","@id":"https:\/\/jaynolan.org\/es\/#\/schema\/person\/14248571453a8e9c117019f8ed491cc2"},"headline":"Kimi: un faro de esperanza","datePublished":"2020-08-20T17:00:11+00:00","dateModified":"2024-02-29T04:54:10+00:00","mainEntityOfPage":{"@id":"https:\/\/jaynolan.org\/es\/kimi-un-faro-de-esperanza\/"},"wordCount":548,"commentCount":0,"publisher":{"@id":"https:\/\/jaynolan.org\/es\/#organization"},"image":{"@id":"https:\/\/jaynolan.org\/es\/kimi-un-faro-de-esperanza\/#primaryimage"},"thumbnailUrl":"https:\/\/jaynolan.org\/wp-content\/uploads\/2020\/08\/kimi-featured-image.jpg","articleSection":["Historias de \u00e9xito","P\u00e1gina delantera"],"inLanguage":"es","potentialAction":[{"@type":"CommentAction","name":"Comment","target":["https:\/\/jaynolan.org\/es\/kimi-un-faro-de-esperanza\/#respond"]}]},{"@type":"WebPage","@id":"https:\/\/jaynolan.org\/es\/kimi-un-faro-de-esperanza\/","url":"https:\/\/jaynolan.org\/es\/kimi-un-faro-de-esperanza\/","name":"Kimi: un faro de esperanza - Jay Nolan Community Services","isPartOf":{"@id":"https:\/\/jaynolan.org\/es\/#website"},"primaryImageOfPage":{"@id":"https:\/\/jaynolan.org\/es\/kimi-un-faro-de-esperanza\/#primaryimage"},"image":{"@id":"https:\/\/jaynolan.org\/es\/kimi-un-faro-de-esperanza\/#primaryimage"},"thumbnailUrl":"https:\/\/jaynolan.org\/wp-content\/uploads\/2020\/08\/kimi-featured-image.jpg","datePublished":"2020-08-20T17:00:11+00:00","dateModified":"2024-02-29T04:54:10+00:00","description":"Kimi demuestra su personalidad alegre en estas dif\u00edciles circunstancias, lo que la convierte en un faro de esperanza para quienes tienen la suerte de conocerla.","breadcrumb":{"@id":"https:\/\/jaynolan.org\/es\/kimi-un-faro-de-esperanza\/#breadcrumb"},"inLanguage":"es","potentialAction":[{"@type":"ReadAction","target":["https:\/\/jaynolan.org\/es\/kimi-un-faro-de-esperanza\/"]}]},{"@type":"ImageObject","inLanguage":"es","@id":"https:\/\/jaynolan.org\/es\/kimi-un-faro-de-esperanza\/#primaryimage","url":"https:\/\/jaynolan.org\/wp-content\/uploads\/2020\/08\/kimi-featured-image.jpg","contentUrl":"https:\/\/jaynolan.org\/wp-content\/uploads\/2020\/08\/kimi-featured-image.jpg","width":1024,"height":768},{"@type":"BreadcrumbList","@id":"https:\/\/jaynolan.org\/es\/kimi-un-faro-de-esperanza\/#breadcrumb","itemListElement":[{"@type":"ListItem","position":1,"name":"Home","item":"https:\/\/jaynolan.org\/es\/"},{"@type":"ListItem","position":2,"name":"Kimi: un faro de esperanza"}]},{"@type":"WebSite","@id":"https:\/\/jaynolan.org\/es\/#website","url":"https:\/\/jaynolan.org\/es\/","name":"Jay Nolan Community Services","description":"Making a difference since 1975","publisher":{"@id":"https:\/\/jaynolan.org\/es\/#organization"},"potentialAction":[{"@type":"SearchAction","target":{"@type":"EntryPoint","urlTemplate":"https:\/\/jaynolan.org\/es\/?s={search_term_string}"},"query-input":{"@type":"PropertyValueSpecification","valueRequired":true,"valueName":"search_term_string"}}],"inLanguage":"es"},{"@type":"Organization","@id":"https:\/\/jaynolan.org\/es\/#organization","name":"Jay Nolan Community Service","url":"https:\/\/jaynolan.org\/es\/","logo":{"@type":"ImageObject","inLanguage":"es","@id":"https:\/\/jaynolan.org\/es\/#\/schema\/logo\/image\/","url":"https:\/\/jaynolan.org\/wp-content\/uploads\/2019\/04\/jncs6.png","contentUrl":"https:\/\/jaynolan.org\/wp-content\/uploads\/2019\/04\/jncs6.png","width":200,"height":60,"caption":"Jay Nolan Community Service"},"image":{"@id":"https:\/\/jaynolan.org\/es\/#\/schema\/logo\/image\/"},"sameAs":["https:\/\/www.facebook.com\/JayNolanCommunityServices\/","https:\/\/x.com\/jaynolanorg","https:\/\/www.linkedin.com\/company\/jay-nolan-community-services"]},{"@type":"Person","@id":"https:\/\/jaynolan.org\/es\/#\/schema\/person\/14248571453a8e9c117019f8ed491cc2","name":"Marina Gavryushkina","description":"Marina is the Manager of Communications &amp; Development at Jay Nolan Community Services. Her role includes outreach and spreading awareness of the mission of the organization through storytelling, social media, and other online communications efforts. Marina is a lifelong learner and holds as a Bachelors degree from the University of California, Berkeley, and an Masters degree from Leiden University in the Netherlands."}]}},"_links":{"self":[{"href":"https:\/\/jaynolan.org\/es\/wp-json\/wp\/v2\/posts\/17195","targetHints":{"allow":["GET"]}}],"collection":[{"href":"https:\/\/jaynolan.org\/es\/wp-json\/wp\/v2\/posts"}],"about":[{"href":"https:\/\/jaynolan.org\/es\/wp-json\/wp\/v2\/types\/post"}],"author":[{"embeddable":true,"href":"https:\/\/jaynolan.org\/es\/wp-json\/wp\/v2\/users\/4"}],"replies":[{"embeddable":true,"href":"https:\/\/jaynolan.org\/es\/wp-json\/wp\/v2\/comments?post=17195"}],"version-history":[{"count":3,"href":"https:\/\/jaynolan.org\/es\/wp-json\/wp\/v2\/posts\/17195\/revisions"}],"predecessor-version":[{"id":20881,"href":"https:\/\/jaynolan.org\/es\/wp-json\/wp\/v2\/posts\/17195\/revisions\/20881"}],"wp:featuredmedia":[{"embeddable":true,"href":"https:\/\/jaynolan.org\/es\/wp-json\/wp\/v2\/media\/16326"}],"wp:attachment":[{"href":"https:\/\/jaynolan.org\/es\/wp-json\/wp\/v2\/media?parent=17195"}],"wp:term":[{"taxonomy":"category","embeddable":true,"href":"https:\/\/jaynolan.org\/es\/wp-json\/wp\/v2\/categories?post=17195"},{"taxonomy":"post_tag","embeddable":true,"href":"https:\/\/jaynolan.org\/es\/wp-json\/wp\/v2\/tags?post=17195"}],"curies":[{"name":"wp","href":"https:\/\/api.w.org\/{rel}","templated":true}]}}