{"id":17197,"date":"2020-08-10T02:09:22","date_gmt":"2020-08-10T09:09:22","guid":{"rendered":"https:\/\/jaynolan.org\/debbie-no-hay-una-talla-unica-para-todos\/"},"modified":"2020-08-10T02:09:22","modified_gmt":"2020-08-10T09:09:22","slug":"debbie-no-hay-una-talla-unica-para-todos","status":"publish","type":"post","link":"https:\/\/jaynolan.org\/es\/debbie-no-hay-una-talla-unica-para-todos\/","title":{"rendered":"Debbie: no hay una talla \u00fanica para todos"},"content":{"rendered":"<p style=\"margin: 0in;margin-bottom: .0001pt;background: white\">En octubre de 2019, Debbie fue recibida en la familia Jay Nolan. Desde entonces, Debbie ha recibido el amor y la atenci\u00f3n que se merece y finalmente se le ha dado una voz. Cuando lleg\u00f3 por primera vez, su personal de apoyo se sent\u00f3 y construy\u00f3 un camino con ella mientras se involucraba activamente con su familia. Era importante que escuch\u00e1ramos lo que Debbie quer\u00eda y observ\u00e1ramos sus verdaderas necesidades. Desde que lleg\u00f3 a JNCS, Debbie ha estado m\u00e1s feliz y comprometida que nunca. <\/p>\n<p style=\"margin: 0in;margin-bottom: .0001pt;background: white;text-align: start\">\n<p style=\"margin: 0in;margin-bottom: .0001pt;background: white;text-align: start\">Entonces, cuando lleg\u00f3 el COVID-19, Debbie estaba bien preparada para manejarlo. Hizo la transici\u00f3n de muchas de sus actividades habituales al interior o a un \u00e1rea al aire libre donde pod\u00eda distanciarse socialmente. Ahora sus d\u00edas est\u00e1n llenos de rompecabezas, pintando, cantando, bailando y lavando su propia ropa. Su persona de apoyo, Ingrid, coment\u00f3 que cuando Debbie canta, \u00abes toda una sesi\u00f3n de concierto\u00bb. Su m\u00fasica favorita para tocar y cantar es la m\u00fasica country. Ella hace sus caminatas diarias y tambi\u00e9n juega f\u00fatbol. Debbie tambi\u00e9n ha estado encontrando programas interesantes en la televisi\u00f3n para mantenerse entretenida. Adem\u00e1s, la familia ha sido un aspecto importante en la vida de Debbie, especialmente ahora. Debbie habla con su mam\u00e1 todos los d\u00edas y juntas almuerzan todas las semanas. <\/p>\n<h4 style=\"margin: 0in;margin-bottom: .0001pt;background: white;text-align: start\"> <\/h4>\n<div id='gallery-1' class='gallery galleryid-17197 gallery-columns-2 gallery-size-full'><figure class='gallery-item'>\n\t\t\t<div class='gallery-icon portrait'>\n\t\t\t\t<a href='https:\/\/jaynolan.org\/es\/debbie-blog-1-2\/'><img fetchpriority=\"high\" decoding=\"async\" width=\"533\" height=\"800\" src=\"https:\/\/jaynolan.org\/wp-content\/uploads\/2020\/08\/debbie-blog-1.jpg\" class=\"attachment-full size-full\" alt=\"\" srcset=\"https:\/\/jaynolan.org\/wp-content\/uploads\/2020\/08\/debbie-blog-1.jpg 533w, https:\/\/jaynolan.org\/wp-content\/uploads\/2020\/08\/debbie-blog-1-200x300.jpg 200w\" sizes=\"(max-width: 533px) 100vw, 533px\" \/><\/a>\n\t\t\t<\/div><\/figure><figure class='gallery-item'>\n\t\t\t<div class='gallery-icon portrait'>\n\t\t\t\t<a href='https:\/\/jaynolan.org\/es\/debbie-blog-2-2\/'><img decoding=\"async\" width=\"533\" height=\"800\" src=\"https:\/\/jaynolan.org\/wp-content\/uploads\/2020\/08\/debbie-blog-2.jpg\" class=\"attachment-full size-full\" alt=\"\" srcset=\"https:\/\/jaynolan.org\/wp-content\/uploads\/2020\/08\/debbie-blog-2.jpg 533w, https:\/\/jaynolan.org\/wp-content\/uploads\/2020\/08\/debbie-blog-2-200x300.jpg 200w\" sizes=\"(max-width: 533px) 100vw, 533px\" \/><\/a>\n\t\t\t<\/div><\/figure>\n\t\t<\/div>\n\n<p>&nbsp;<\/p>\n<h4>No hay talla \u00fanica para todos<\/h4>\n<p style=\"margin: 0in;margin-bottom: .0001pt;background: white;text-align: start\">Cuando se le da la oportunidad, Debbie puede superar las expectativas. Cuando lleg\u00f3 por primera vez a Jay Nolan, Debbie estaba en silla de ruedas. Pero despu\u00e9s de solo ocho d\u00edas con JNCS, se levant\u00f3 y camin\u00f3 sola con una ayuda m\u00ednima. Tambi\u00e9n se sabe que Debbie es una gran negociadora cuando hay algo que quiere.<\/p>\n<p style=\"margin: 0in;margin-bottom: .0001pt;background: white;text-align: start\">\n<p style=\"margin: 0in;margin-bottom: .0001pt;background: white;text-align: start\">Debbie, como todos los dem\u00e1s, es \u00fanica en su personalidad. Ella est\u00e1 aprendiendo de su personal de apoyo tanto como ellos est\u00e1n aprendiendo de ella. Al igual que la supervisora \u200b\u200bde vida con apoyo de JNCS, Patty Ventura, lo expresa, \u201cno hay una talla \u00fanica para todos. El camino y el horario de todos son diferentes y realmente estamos aprendiendo directamente de las personas que reciben apoyo. Todo se basa en las relaciones y la confianza, que es algo que Jay Nolan valora mucho\u00bb. <\/p>\n<p>&nbsp;<\/p>\n<hr>\n<div class=\"mk-single-content clearfix\">\n<p><strong>Ayude a asegurarse de que Debbie y otras personas con autismo y otras discapacidades del desarrollo en California contin\u00faen recibiendo el apoyo individualizado que necesitan para lograr la vida que desean:<\/strong><\/p>\n<p><a href=\"https:\/\/jaynolan.networkforgood.com\/projects\/148497-annual-appeal-2021\"><img decoding=\"async\" class=\"alignleft wp-image-7261 size-full\" src=\"https:\/\/jaynolan.org\/wp-content\/uploads\/2019\/10\/donate-button-web.png\" alt=\"\" width=\"136\" height=\"42\"><\/a><\/p>\n<\/div>\n<div class=\"single-post-tags\"><\/div>\n<section class=\"blog-similar-posts\"><\/section>\n<p>&nbsp;<\/p>\n","protected":false},"excerpt":{"rendered":"<p>En octubre de 2019, Debbie fue recibida en la familia Jay Nolan. Desde entonces, Debbie ha recibido el amor y la atenci\u00f3n que se merece y finalmente se le ha [&hellip;]<\/p>\n","protected":false},"author":4,"featured_media":16317,"comment_status":"open","ping_status":"closed","sticky":false,"template":"","format":"standard","meta":{"_acf_changed":false,"_price":"","_stock":"","_tribe_ticket_header":"","_tribe_default_ticket_provider":"","_tribe_ticket_capacity":"0","_ticket_start_date":"","_ticket_end_date":"","_tribe_ticket_show_description":"","_tribe_ticket_show_not_going":false,"_tribe_ticket_use_global_stock":"","_tribe_ticket_global_stock_level":"","_global_stock_mode":"","_global_stock_cap":"","_tribe_rsvp_for_event":"","_tribe_ticket_going_count":"","_tribe_ticket_not_going_count":"","_tribe_tickets_list":"[]","_tribe_ticket_has_attendee_info_fields":false,"footnotes":""},"categories":[113],"tags":[],"class_list":["post-17197","post","type-post","status-publish","format-standard","has-post-thumbnail","hentry","category-historias-de-exito"],"acf":[],"yoast_head":"<!-- This site is optimized with the Yoast SEO plugin v27.5 - https:\/\/yoast.com\/product\/yoast-seo-wordpress\/ -->\n<title>Debbie: no hay una talla \u00fanica para todos - Jay Nolan Community Services<\/title>\n<meta name=\"description\" content=\"Desde que recibi\u00f3 el apoyo de JNCS, Debbie ha recibido el amor y la atenci\u00f3n que merece y finalmente se le ha dado una voz.\" \/>\n<meta name=\"robots\" content=\"index, follow, max-snippet:-1, max-image-preview:large, max-video-preview:-1\" \/>\n<link rel=\"canonical\" href=\"https:\/\/jaynolan.org\/es\/debbie-no-hay-una-talla-unica-para-todos\/\" \/>\n<meta property=\"og:locale\" content=\"es_ES\" \/>\n<meta property=\"og:type\" content=\"article\" \/>\n<meta property=\"og:title\" content=\"Debbie: no hay una talla \u00fanica para todos - Jay Nolan Community Services\" \/>\n<meta property=\"og:description\" content=\"Desde que recibi\u00f3 el apoyo de JNCS, Debbie ha recibido el amor y la atenci\u00f3n que merece y finalmente se le ha dado una voz.\" \/>\n<meta property=\"og:url\" content=\"https:\/\/jaynolan.org\/es\/debbie-no-hay-una-talla-unica-para-todos\/\" \/>\n<meta property=\"og:site_name\" content=\"Jay Nolan Community Services\" \/>\n<meta property=\"article:publisher\" content=\"https:\/\/www.facebook.com\/JayNolanCommunityServices\/\" \/>\n<meta property=\"article:published_time\" content=\"2020-08-10T09:09:22+00:00\" \/>\n<meta property=\"og:image\" content=\"https:\/\/jaynolan.org\/wp-content\/uploads\/2020\/08\/debbie-header.jpg\" \/>\n\t<meta property=\"og:image:width\" content=\"1024\" \/>\n\t<meta property=\"og:image:height\" content=\"768\" \/>\n\t<meta property=\"og:image:type\" content=\"image\/jpeg\" \/>\n<meta name=\"author\" content=\"Marina Gavryushkina\" \/>\n<meta name=\"twitter:card\" content=\"summary_large_image\" \/>\n<meta name=\"twitter:creator\" content=\"@jaynolanorg\" \/>\n<meta name=\"twitter:site\" content=\"@jaynolanorg\" \/>\n<meta name=\"twitter:label1\" content=\"Escrito por\" \/>\n\t<meta name=\"twitter:data1\" content=\"Marina Gavryushkina\" \/>\n\t<meta name=\"twitter:label2\" content=\"Tiempo de lectura\" \/>\n\t<meta name=\"twitter:data2\" content=\"2 minutos\" \/>\n<script type=\"application\/ld+json\" class=\"yoast-schema-graph\">{\"@context\":\"https:\\\/\\\/schema.org\",\"@graph\":[{\"@type\":\"Article\",\"@id\":\"https:\\\/\\\/jaynolan.org\\\/es\\\/debbie-no-hay-una-talla-unica-para-todos\\\/#article\",\"isPartOf\":{\"@id\":\"https:\\\/\\\/jaynolan.org\\\/es\\\/debbie-no-hay-una-talla-unica-para-todos\\\/\"},\"author\":{\"name\":\"Marina Gavryushkina\",\"@id\":\"https:\\\/\\\/jaynolan.org\\\/es\\\/#\\\/schema\\\/person\\\/14248571453a8e9c117019f8ed491cc2\"},\"headline\":\"Debbie: no hay una talla \u00fanica para todos\",\"datePublished\":\"2020-08-10T09:09:22+00:00\",\"mainEntityOfPage\":{\"@id\":\"https:\\\/\\\/jaynolan.org\\\/es\\\/debbie-no-hay-una-talla-unica-para-todos\\\/\"},\"wordCount\":427,\"commentCount\":0,\"publisher\":{\"@id\":\"https:\\\/\\\/jaynolan.org\\\/es\\\/#organization\"},\"image\":{\"@id\":\"https:\\\/\\\/jaynolan.org\\\/es\\\/debbie-no-hay-una-talla-unica-para-todos\\\/#primaryimage\"},\"thumbnailUrl\":\"https:\\\/\\\/jaynolan.org\\\/wp-content\\\/uploads\\\/2020\\\/08\\\/debbie-header.jpg\",\"articleSection\":[\"Historias de \u00e9xito\"],\"inLanguage\":\"es\",\"potentialAction\":[{\"@type\":\"CommentAction\",\"name\":\"Comment\",\"target\":[\"https:\\\/\\\/jaynolan.org\\\/es\\\/debbie-no-hay-una-talla-unica-para-todos\\\/#respond\"]}]},{\"@type\":\"WebPage\",\"@id\":\"https:\\\/\\\/jaynolan.org\\\/es\\\/debbie-no-hay-una-talla-unica-para-todos\\\/\",\"url\":\"https:\\\/\\\/jaynolan.org\\\/es\\\/debbie-no-hay-una-talla-unica-para-todos\\\/\",\"name\":\"Debbie: no hay una talla \u00fanica para todos - Jay Nolan Community Services\",\"isPartOf\":{\"@id\":\"https:\\\/\\\/jaynolan.org\\\/es\\\/#website\"},\"primaryImageOfPage\":{\"@id\":\"https:\\\/\\\/jaynolan.org\\\/es\\\/debbie-no-hay-una-talla-unica-para-todos\\\/#primaryimage\"},\"image\":{\"@id\":\"https:\\\/\\\/jaynolan.org\\\/es\\\/debbie-no-hay-una-talla-unica-para-todos\\\/#primaryimage\"},\"thumbnailUrl\":\"https:\\\/\\\/jaynolan.org\\\/wp-content\\\/uploads\\\/2020\\\/08\\\/debbie-header.jpg\",\"datePublished\":\"2020-08-10T09:09:22+00:00\",\"description\":\"Desde que recibi\u00f3 el apoyo de JNCS, Debbie ha recibido el amor y la atenci\u00f3n que merece y finalmente se le ha dado una voz.\",\"breadcrumb\":{\"@id\":\"https:\\\/\\\/jaynolan.org\\\/es\\\/debbie-no-hay-una-talla-unica-para-todos\\\/#breadcrumb\"},\"inLanguage\":\"es\",\"potentialAction\":[{\"@type\":\"ReadAction\",\"target\":[\"https:\\\/\\\/jaynolan.org\\\/es\\\/debbie-no-hay-una-talla-unica-para-todos\\\/\"]}]},{\"@type\":\"ImageObject\",\"inLanguage\":\"es\",\"@id\":\"https:\\\/\\\/jaynolan.org\\\/es\\\/debbie-no-hay-una-talla-unica-para-todos\\\/#primaryimage\",\"url\":\"https:\\\/\\\/jaynolan.org\\\/wp-content\\\/uploads\\\/2020\\\/08\\\/debbie-header.jpg\",\"contentUrl\":\"https:\\\/\\\/jaynolan.org\\\/wp-content\\\/uploads\\\/2020\\\/08\\\/debbie-header.jpg\",\"width\":1024,\"height\":768},{\"@type\":\"BreadcrumbList\",\"@id\":\"https:\\\/\\\/jaynolan.org\\\/es\\\/debbie-no-hay-una-talla-unica-para-todos\\\/#breadcrumb\",\"itemListElement\":[{\"@type\":\"ListItem\",\"position\":1,\"name\":\"Home\",\"item\":\"https:\\\/\\\/jaynolan.org\\\/es\\\/\"},{\"@type\":\"ListItem\",\"position\":2,\"name\":\"Debbie: no hay una talla \u00fanica para todos\"}]},{\"@type\":\"WebSite\",\"@id\":\"https:\\\/\\\/jaynolan.org\\\/es\\\/#website\",\"url\":\"https:\\\/\\\/jaynolan.org\\\/es\\\/\",\"name\":\"Jay Nolan Community Services\",\"description\":\"Making a difference since 1975\",\"publisher\":{\"@id\":\"https:\\\/\\\/jaynolan.org\\\/es\\\/#organization\"},\"potentialAction\":[{\"@type\":\"SearchAction\",\"target\":{\"@type\":\"EntryPoint\",\"urlTemplate\":\"https:\\\/\\\/jaynolan.org\\\/es\\\/?s={search_term_string}\"},\"query-input\":{\"@type\":\"PropertyValueSpecification\",\"valueRequired\":true,\"valueName\":\"search_term_string\"}}],\"inLanguage\":\"es\"},{\"@type\":\"Organization\",\"@id\":\"https:\\\/\\\/jaynolan.org\\\/es\\\/#organization\",\"name\":\"Jay Nolan Community Service\",\"url\":\"https:\\\/\\\/jaynolan.org\\\/es\\\/\",\"logo\":{\"@type\":\"ImageObject\",\"inLanguage\":\"es\",\"@id\":\"https:\\\/\\\/jaynolan.org\\\/es\\\/#\\\/schema\\\/logo\\\/image\\\/\",\"url\":\"https:\\\/\\\/jaynolan.org\\\/wp-content\\\/uploads\\\/2019\\\/04\\\/jncs6.png\",\"contentUrl\":\"https:\\\/\\\/jaynolan.org\\\/wp-content\\\/uploads\\\/2019\\\/04\\\/jncs6.png\",\"width\":200,\"height\":60,\"caption\":\"Jay Nolan Community Service\"},\"image\":{\"@id\":\"https:\\\/\\\/jaynolan.org\\\/es\\\/#\\\/schema\\\/logo\\\/image\\\/\"},\"sameAs\":[\"https:\\\/\\\/www.facebook.com\\\/JayNolanCommunityServices\\\/\",\"https:\\\/\\\/x.com\\\/jaynolanorg\",\"https:\\\/\\\/www.linkedin.com\\\/company\\\/jay-nolan-community-services\"]},{\"@type\":\"Person\",\"@id\":\"https:\\\/\\\/jaynolan.org\\\/es\\\/#\\\/schema\\\/person\\\/14248571453a8e9c117019f8ed491cc2\",\"name\":\"Marina Gavryushkina\",\"description\":\"Marina is the Manager of Communications &amp; Development at Jay Nolan Community Services. Her role includes outreach and spreading awareness of the mission of the organization through storytelling, social media, and other online communications efforts. Marina is a lifelong learner and holds as a Bachelors degree from the University of California, Berkeley, and an Masters degree from Leiden University in the Netherlands.\"}]}<\/script>\n<!-- \/ Yoast SEO plugin. -->","yoast_head_json":{"title":"Debbie: no hay una talla \u00fanica para todos - Jay Nolan Community Services","description":"Desde que recibi\u00f3 el apoyo de JNCS, Debbie ha recibido el amor y la atenci\u00f3n que merece y finalmente se le ha dado una voz.","robots":{"index":"index","follow":"follow","max-snippet":"max-snippet:-1","max-image-preview":"max-image-preview:large","max-video-preview":"max-video-preview:-1"},"canonical":"https:\/\/jaynolan.org\/es\/debbie-no-hay-una-talla-unica-para-todos\/","og_locale":"es_ES","og_type":"article","og_title":"Debbie: no hay una talla \u00fanica para todos - Jay Nolan Community Services","og_description":"Desde que recibi\u00f3 el apoyo de JNCS, Debbie ha recibido el amor y la atenci\u00f3n que merece y finalmente se le ha dado una voz.","og_url":"https:\/\/jaynolan.org\/es\/debbie-no-hay-una-talla-unica-para-todos\/","og_site_name":"Jay Nolan Community Services","article_publisher":"https:\/\/www.facebook.com\/JayNolanCommunityServices\/","article_published_time":"2020-08-10T09:09:22+00:00","og_image":[{"width":1024,"height":768,"url":"https:\/\/jaynolan.org\/wp-content\/uploads\/2020\/08\/debbie-header.jpg","type":"image\/jpeg"}],"author":"Marina Gavryushkina","twitter_card":"summary_large_image","twitter_creator":"@jaynolanorg","twitter_site":"@jaynolanorg","twitter_misc":{"Escrito por":"Marina Gavryushkina","Tiempo de lectura":"2 minutos"},"schema":{"@context":"https:\/\/schema.org","@graph":[{"@type":"Article","@id":"https:\/\/jaynolan.org\/es\/debbie-no-hay-una-talla-unica-para-todos\/#article","isPartOf":{"@id":"https:\/\/jaynolan.org\/es\/debbie-no-hay-una-talla-unica-para-todos\/"},"author":{"name":"Marina Gavryushkina","@id":"https:\/\/jaynolan.org\/es\/#\/schema\/person\/14248571453a8e9c117019f8ed491cc2"},"headline":"Debbie: no hay una talla \u00fanica para todos","datePublished":"2020-08-10T09:09:22+00:00","mainEntityOfPage":{"@id":"https:\/\/jaynolan.org\/es\/debbie-no-hay-una-talla-unica-para-todos\/"},"wordCount":427,"commentCount":0,"publisher":{"@id":"https:\/\/jaynolan.org\/es\/#organization"},"image":{"@id":"https:\/\/jaynolan.org\/es\/debbie-no-hay-una-talla-unica-para-todos\/#primaryimage"},"thumbnailUrl":"https:\/\/jaynolan.org\/wp-content\/uploads\/2020\/08\/debbie-header.jpg","articleSection":["Historias de \u00e9xito"],"inLanguage":"es","potentialAction":[{"@type":"CommentAction","name":"Comment","target":["https:\/\/jaynolan.org\/es\/debbie-no-hay-una-talla-unica-para-todos\/#respond"]}]},{"@type":"WebPage","@id":"https:\/\/jaynolan.org\/es\/debbie-no-hay-una-talla-unica-para-todos\/","url":"https:\/\/jaynolan.org\/es\/debbie-no-hay-una-talla-unica-para-todos\/","name":"Debbie: no hay una talla \u00fanica para todos - Jay Nolan Community Services","isPartOf":{"@id":"https:\/\/jaynolan.org\/es\/#website"},"primaryImageOfPage":{"@id":"https:\/\/jaynolan.org\/es\/debbie-no-hay-una-talla-unica-para-todos\/#primaryimage"},"image":{"@id":"https:\/\/jaynolan.org\/es\/debbie-no-hay-una-talla-unica-para-todos\/#primaryimage"},"thumbnailUrl":"https:\/\/jaynolan.org\/wp-content\/uploads\/2020\/08\/debbie-header.jpg","datePublished":"2020-08-10T09:09:22+00:00","description":"Desde que recibi\u00f3 el apoyo de JNCS, Debbie ha recibido el amor y la atenci\u00f3n que merece y finalmente se le ha dado una voz.","breadcrumb":{"@id":"https:\/\/jaynolan.org\/es\/debbie-no-hay-una-talla-unica-para-todos\/#breadcrumb"},"inLanguage":"es","potentialAction":[{"@type":"ReadAction","target":["https:\/\/jaynolan.org\/es\/debbie-no-hay-una-talla-unica-para-todos\/"]}]},{"@type":"ImageObject","inLanguage":"es","@id":"https:\/\/jaynolan.org\/es\/debbie-no-hay-una-talla-unica-para-todos\/#primaryimage","url":"https:\/\/jaynolan.org\/wp-content\/uploads\/2020\/08\/debbie-header.jpg","contentUrl":"https:\/\/jaynolan.org\/wp-content\/uploads\/2020\/08\/debbie-header.jpg","width":1024,"height":768},{"@type":"BreadcrumbList","@id":"https:\/\/jaynolan.org\/es\/debbie-no-hay-una-talla-unica-para-todos\/#breadcrumb","itemListElement":[{"@type":"ListItem","position":1,"name":"Home","item":"https:\/\/jaynolan.org\/es\/"},{"@type":"ListItem","position":2,"name":"Debbie: no hay una talla \u00fanica para todos"}]},{"@type":"WebSite","@id":"https:\/\/jaynolan.org\/es\/#website","url":"https:\/\/jaynolan.org\/es\/","name":"Jay Nolan Community Services","description":"Making a difference since 1975","publisher":{"@id":"https:\/\/jaynolan.org\/es\/#organization"},"potentialAction":[{"@type":"SearchAction","target":{"@type":"EntryPoint","urlTemplate":"https:\/\/jaynolan.org\/es\/?s={search_term_string}"},"query-input":{"@type":"PropertyValueSpecification","valueRequired":true,"valueName":"search_term_string"}}],"inLanguage":"es"},{"@type":"Organization","@id":"https:\/\/jaynolan.org\/es\/#organization","name":"Jay Nolan Community Service","url":"https:\/\/jaynolan.org\/es\/","logo":{"@type":"ImageObject","inLanguage":"es","@id":"https:\/\/jaynolan.org\/es\/#\/schema\/logo\/image\/","url":"https:\/\/jaynolan.org\/wp-content\/uploads\/2019\/04\/jncs6.png","contentUrl":"https:\/\/jaynolan.org\/wp-content\/uploads\/2019\/04\/jncs6.png","width":200,"height":60,"caption":"Jay Nolan Community Service"},"image":{"@id":"https:\/\/jaynolan.org\/es\/#\/schema\/logo\/image\/"},"sameAs":["https:\/\/www.facebook.com\/JayNolanCommunityServices\/","https:\/\/x.com\/jaynolanorg","https:\/\/www.linkedin.com\/company\/jay-nolan-community-services"]},{"@type":"Person","@id":"https:\/\/jaynolan.org\/es\/#\/schema\/person\/14248571453a8e9c117019f8ed491cc2","name":"Marina Gavryushkina","description":"Marina is the Manager of Communications &amp; Development at Jay Nolan Community Services. Her role includes outreach and spreading awareness of the mission of the organization through storytelling, social media, and other online communications efforts. Marina is a lifelong learner and holds as a Bachelors degree from the University of California, Berkeley, and an Masters degree from Leiden University in the Netherlands."}]}},"_links":{"self":[{"href":"https:\/\/jaynolan.org\/es\/wp-json\/wp\/v2\/posts\/17197","targetHints":{"allow":["GET"]}}],"collection":[{"href":"https:\/\/jaynolan.org\/es\/wp-json\/wp\/v2\/posts"}],"about":[{"href":"https:\/\/jaynolan.org\/es\/wp-json\/wp\/v2\/types\/post"}],"author":[{"embeddable":true,"href":"https:\/\/jaynolan.org\/es\/wp-json\/wp\/v2\/users\/4"}],"replies":[{"embeddable":true,"href":"https:\/\/jaynolan.org\/es\/wp-json\/wp\/v2\/comments?post=17197"}],"version-history":[{"count":0,"href":"https:\/\/jaynolan.org\/es\/wp-json\/wp\/v2\/posts\/17197\/revisions"}],"wp:featuredmedia":[{"embeddable":true,"href":"https:\/\/jaynolan.org\/es\/wp-json\/wp\/v2\/media\/16317"}],"wp:attachment":[{"href":"https:\/\/jaynolan.org\/es\/wp-json\/wp\/v2\/media?parent=17197"}],"wp:term":[{"taxonomy":"category","embeddable":true,"href":"https:\/\/jaynolan.org\/es\/wp-json\/wp\/v2\/categories?post=17197"},{"taxonomy":"post_tag","embeddable":true,"href":"https:\/\/jaynolan.org\/es\/wp-json\/wp\/v2\/tags?post=17197"}],"curies":[{"name":"wp","href":"https:\/\/api.w.org\/{rel}","templated":true}]}}