{"id":18250,"date":"2022-10-13T04:49:29","date_gmt":"2022-10-13T11:49:29","guid":{"rendered":"https:\/\/jaynolan.org\/la-inscripcion-ya-esta-abierta-para-la-cohorte-de-invierno-de-2023-de-uniquely-capad-academy-uaa\/"},"modified":"2024-05-14T10:34:42","modified_gmt":"2024-05-14T17:34:42","slug":"la-inscripcion-ya-esta-abierta-para-la-cohorte-de-invierno-de-2023-de-uniquely-capad-academy-uaa","status":"publish","type":"post","link":"https:\/\/jaynolan.org\/es\/la-inscripcion-ya-esta-abierta-para-la-cohorte-de-invierno-de-2023-de-uniquely-capad-academy-uaa\/","title":{"rendered":"La inscripci\u00f3n ya est\u00e1 abierta para la cohorte de invierno de 2023 de Uniquely Capad Academy (UAA)"},"content":{"rendered":"&#13;\n<p>Nos complace anunciar que el programa CNC Fast Track de la 4.\u00aa cohorte de la Academia con capacidades \u00fanicas (UAA) comenzar\u00e1 en enero de 2023.<\/p>&#13;\n<p><strong>Una asociaci\u00f3n para crear cambios<\/strong><\/p>&#13;\n<p>El<a href=\"https:\/\/jaynolan.org\/es\/servicios\/academia-uniquely-abled\/\" target=\"_blank\" rel=\"noopener\"> Academia con capacidades \u00fanicas (UAA)<\/a> CNC Fast Track Program es una colaboraci\u00f3n entre Jay Nolan Community Services y <a href=\"https:\/\/uniquelyabledproject.org\/uaa-college-canyons-ca\/\" target=\"_blank\" rel=\"noopener\">colegio de los ca\u00f1ones<\/a> para crear un programa vocacional innovador destinado a satisfacer la demanda de la fuerza laboral local y ofrecer un entorno educativo mejorado para las personas que experimentan autismo. El Programa UAA CNC Fast Track est\u00e1 financiado por Goodwill American Job Centers of California (AJCC) y el Departamento de Rehabilitaci\u00f3n (DOR), lo que lo hace gratuito para los candidatos elegibles.<\/p>&#13;\n<p>La UAA se cre\u00f3 para mejorar la <a href=\"https:\/\/www.dol.gov\/sites\/dolgov\/files\/ODEP\/pdf\/Employment_for_PWD-Analysis_of_Trends_during_COVID_2022.pdf\" target=\"_blank\" rel=\"noopener\">alarmantes estad\u00edsticas de desempleo<\/a> para personas con discapacidad. Al menos 35 millones de personas con discapacidad en los Estados Unidos est\u00e1n desempleados. La UAA se centra en las habilidades que pueden poseer las personas con autismo que son muy buscadas en la industria manufacturera, como los movimientos repetitivos y la atenci\u00f3n a los detalles.<\/p>&#13;\n<div id='gallery-1' class='gallery galleryid-18250 gallery-columns-2 gallery-size-large'><figure class='gallery-item'>\n\t\t\t<div class='gallery-icon portrait'>\n\t\t\t\t<a href='https:\/\/jaynolan.org\/es\/la-inscripcion-ya-esta-abierta-para-la-cohorte-de-invierno-de-2023-de-uniquely-capad-academy-uaa\/uaa-2-2\/'><img fetchpriority=\"high\" decoding=\"async\" width=\"800\" height=\"800\" src=\"https:\/\/jaynolan.org\/wp-content\/uploads\/2022\/10\/uaa-2-1024x1024.jpg\" class=\"attachment-large size-large\" alt=\"A young cucasian man in a khaki t-shirt using a drill in a machining workshop\" srcset=\"https:\/\/jaynolan.org\/wp-content\/uploads\/2022\/10\/uaa-2-1024x1024.jpg 1024w, https:\/\/jaynolan.org\/wp-content\/uploads\/2022\/10\/uaa-2-150x150.jpg 150w\" sizes=\"(max-width: 800px) 100vw, 800px\" \/><\/a>\n\t\t\t<\/div><\/figure><figure class='gallery-item'>\n\t\t\t<div class='gallery-icon portrait'>\n\t\t\t\t<a href='https:\/\/jaynolan.org\/es\/la-inscripcion-ya-esta-abierta-para-la-cohorte-de-invierno-de-2023-de-uniquely-capad-academy-uaa\/uaa-4-2\/'><img decoding=\"async\" width=\"800\" height=\"800\" src=\"https:\/\/jaynolan.org\/wp-content\/uploads\/2022\/10\/uaa-4-1024x1024.jpg\" class=\"attachment-large size-large\" alt=\"A young cucasian man in a black t-shirt using a machine in a machining workshop\" srcset=\"https:\/\/jaynolan.org\/wp-content\/uploads\/2022\/10\/uaa-4-1024x1024.jpg 1024w, https:\/\/jaynolan.org\/wp-content\/uploads\/2022\/10\/uaa-4-150x150.jpg 150w\" sizes=\"(max-width: 800px) 100vw, 800px\" \/><\/a>\n\t\t\t<\/div><\/figure>\n\t\t<\/div>\n&#13;\n<p>\u00a0<\/p>&#13;\n<p><strong>\u00bfQu\u00e9 es el programa CNC Fast Track de Uniquely Capad Academy (UAA)?<\/strong><\/p>&#13;\n<p>La UAA se ofrece en el Departamento de Desarrollo Econ\u00f3mico de College of the Canyons. Es un <strong>Programa de 12 semanas que ense\u00f1a a adultos con autismo de alto funcionamiento a ser maquinistas CNC de nivel b\u00e1sico.<\/strong> Karen Navarro, Coordinadora de Programas de UAA y Gerente del Departamento de Servicios de Rehabilitaci\u00f3n en Jay Nolan Community Services, ayuda en el reclutamiento y la incorporaci\u00f3n de nuevos aprendices, as\u00ed como en el apoyo y la asistencia en el aula.<\/p>&#13;\n<p>El plan de estudios s\u00f3lido es el mismo que se ofrece a todos los dem\u00e1s aprendices que toman el programa CNC Fast Track, pero la UAA ha ofrecido el apoyo adicional de un coordinador y un asistente de laboratorio para ayudar con las necesidades individuales que puedan surgir. El programa de formaci\u00f3n tambi\u00e9n incluye<strong> 40 horas de formaci\u00f3n en habilidades blandas<\/strong> incluyendo lo siguiente, pero no limitado a, confiabilidad, comunicaci\u00f3n efectiva, trabajo en equipo, adaptabilidad, voluntad de aprender y habilidades para resolver problemas. Cada aprendiz tambi\u00e9n recibir\u00e1 apoyo para escribir una carta de presentaci\u00f3n y un curr\u00edculum para llevarlo despu\u00e9s del programa de capacitaci\u00f3n. En 2022, <a href=\"https:\/\/jaynolan.org\/es\/estudiantes-con-autismo-inician-carreras-de-mecanizado-cnc-despues-de-graduarse-de-la-academia-de-capacidades-unicas-uaa\/\" target=\"_blank\" rel=\"noopener\">8 out of 10 trainees received job offers<\/a> dentro de las 2 semanas posteriores a la graduaci\u00f3n.<\/p>&#13;\n<div id='gallery-2' class='gallery galleryid-18250 gallery-columns-2 gallery-size-large'><figure class='gallery-item'>\n\t\t\t<div class='gallery-icon portrait'>\n\t\t\t\t<a href='https:\/\/jaynolan.org\/es\/la-inscripcion-ya-esta-abierta-para-la-cohorte-de-invierno-de-2023-de-uniquely-capad-academy-uaa\/uaa-3-2\/'><img decoding=\"async\" width=\"800\" height=\"800\" src=\"https:\/\/jaynolan.org\/wp-content\/uploads\/2022\/10\/uaa-3-1024x1024.jpg\" class=\"attachment-large size-large\" alt=\"A young cucasian man in a black t-shirt using a large machine in a machining workshop\" srcset=\"https:\/\/jaynolan.org\/wp-content\/uploads\/2022\/10\/uaa-3-1024x1024.jpg 1024w, https:\/\/jaynolan.org\/wp-content\/uploads\/2022\/10\/uaa-3-150x150.jpg 150w\" sizes=\"(max-width: 800px) 100vw, 800px\" \/><\/a>\n\t\t\t<\/div><\/figure><figure class='gallery-item'>\n\t\t\t<div class='gallery-icon portrait'>\n\t\t\t\t<a href='https:\/\/jaynolan.org\/es\/la-inscripcion-ya-esta-abierta-para-la-cohorte-de-invierno-de-2023-de-uniquely-capad-academy-uaa\/uaa-5-2\/'><img loading=\"lazy\" decoding=\"async\" width=\"800\" height=\"800\" src=\"https:\/\/jaynolan.org\/wp-content\/uploads\/2022\/10\/uaa-5-1024x1024.jpg\" class=\"attachment-large size-large\" alt=\"A young cucasian man in a black t-shirt using a machine in a machining workshop\" srcset=\"https:\/\/jaynolan.org\/wp-content\/uploads\/2022\/10\/uaa-5-1024x1024.jpg 1024w, https:\/\/jaynolan.org\/wp-content\/uploads\/2022\/10\/uaa-5-150x150.jpg 150w\" sizes=\"(max-width: 800px) 100vw, 800px\" \/><\/a>\n\t\t\t<\/div><\/figure>\n\t\t<\/div>\n&#13;\n<p>\u00a0<\/p>&#13;\n<p><strong>C\u00f3mo registrarse para la pr\u00f3xima cohorte<\/strong><\/p>&#13;\n<p>Comenzar\u00e1 el pr\u00f3ximo programa CNC Fast Track de Uniquely Capad Academy (UAA) <strong>January 23, 2023 to April 21, 2023<\/strong>. \u00danase al equipo de UAA en cualquiera de las 3 pr\u00f3ximas jornadas de puertas abiertas en College of the Canyons, University Center, Room UCEN 107 (26455 Rockwell Canyon Rd. Santa Clarita, Ca. 91355). Se requiere asistir a una jornada de puertas abiertas para los participantes.<\/p>&#13;\n<p style=\"text-align: right;\"><strong>Descarga el Volante:<\/strong><\/p>&#13;\n<p><a href=\"https:\/\/jaynolan.org\/wp-content\/uploads\/2022\/10\/uap-poster-2023-1.jpg\"><img loading=\"lazy\" decoding=\"async\" class=\"size-thumbnail wp-image-17600 alignright\" src=\"https:\/\/jaynolan.org\/wp-content\/uploads\/2022\/10\/uap-poster-2023-1-150x150.jpg\" alt=\"\" width=\"150\" height=\"150\"\/><\/a><strong>Reg\u00edstrese para asistir a una de nuestras sesiones de puertas abiertas requeridas para la cohorte n.\u00ba 4:<\/strong><\/p>&#13;\n<ul>&#13;\n<li>Tuesday, October 24, 2022 6pm: <a href=\"https:\/\/tinyurl.com\/UAA-OCT25\" target=\"_blank\" rel=\"noopener\">https:\/\/tinyurl.com\/UAA-OCT25<\/a><\/li>&#13;\n<li>Tuesday, November 15, 2022 6pm:<a href=\"https:\/\/tinyurl.com\/UAA-NOV15\" target=\"_blank\" rel=\"noopener\"> https:\/\/tinyurl.com\/UAA-NOV15<\/a><\/li>&#13;\n<li>Tuesday, December 13, 2022 6pm: <a href=\"https:\/\/tinyurl.com\/UAA-DEC1322\" target=\"_blank\" rel=\"noopener\">https:\/\/tinyurl.com\/UAA-DEC1322<\/a><\/li>&#13;\n<\/ul>&#13;\n<p><strong>Para obtener m\u00e1s informaci\u00f3n, visite los siguientes enlaces:<\/strong><\/p>&#13;\n<p>Aspectos destacados de nuestro programa de capacitaci\u00f3n CNC: <a href=\"https:\/\/tinyurl.com\/UAA-Trilogy\">https:\/\/tinyurl.com\/UAA-Trilogy<\/a><\/p>&#13;\n<p>Vista previa interna del mundo de la fabricaci\u00f3n CNC: <a href=\"http:\/\/tinyurl.com\/Autism-Meets-CNC\">http:\/\/tinyurl.com\/Autism-Meets-CNC<\/a><\/p>&#13;\n<p><strong> <\/strong><strong>Pruebas de muestra para ingresar al programa de capacitaci\u00f3n: <\/strong><a href=\"https:\/\/tinyurl.com\/Online-Practice-Tests\">https:\/\/tinyurl.com\/Online-Practice-Tests<\/a><\/p>&#13;\n<hr\/>&#13;\n<p>Para obtener m\u00e1s informaci\u00f3n, comun\u00edquese con Karen Navarro, gerente de empleo de los servicios DOR en Jay Nolan Community Services al 818-489-9805 o <a href=\"mailto:knavarro@jaynolan.org\" target=\"_blank\" rel=\"noopener\">knavarro@jaynolan.org<\/a>.<\/p>&#13;\n","protected":false},"excerpt":{"rendered":"<p>&#13; Nos complace anunciar que el programa CNC Fast Track de la 4.\u00aa cohorte de la Academia con capacidades \u00fanicas (UAA) comenzar\u00e1 en enero de 2023. &#13; Una asociaci\u00f3n para [&hellip;]<\/p>\n","protected":false},"author":31,"featured_media":17611,"comment_status":"open","ping_status":"open","sticky":false,"template":"","format":"standard","meta":{"_acf_changed":false,"_price":"","_stock":"","_tribe_ticket_header":"","_tribe_default_ticket_provider":"","_tribe_ticket_capacity":"","_ticket_start_date":"","_ticket_end_date":"","_tribe_ticket_show_description":"","_tribe_ticket_show_not_going":false,"_tribe_ticket_use_global_stock":"","_tribe_ticket_global_stock_level":"","_global_stock_mode":"","_global_stock_cap":"","_tribe_rsvp_for_event":"","_tribe_ticket_going_count":"","_tribe_ticket_not_going_count":"","_tribe_tickets_list":"[]","_tribe_ticket_has_attendee_info_fields":false,"footnotes":""},"categories":[119,151],"tags":[],"class_list":["post-18250","post","type-post","status-publish","format-standard","has-post-thumbnail","hentry","category-anuncios","category-pagina-delantera"],"acf":[],"yoast_head":"<!-- This site is optimized with the Yoast SEO plugin v27.5 - https:\/\/yoast.com\/product\/yoast-seo-wordpress\/ -->\n<title>La inscripci\u00f3n ya est\u00e1 abierta para la cohorte de invierno de 2023 de Uniquely Capad Academy (UAA) - Jay Nolan Community Services<\/title>\n<meta name=\"description\" content=\"Nos complace anunciar que el programa CNC Fast Track de la 4.\u00aa cohorte de la Academia con capacidades \u00fanicas (UAA) comenzar\u00e1 en enero de 2023.\" \/>\n<meta name=\"robots\" content=\"index, follow, max-snippet:-1, max-image-preview:large, max-video-preview:-1\" \/>\n<link rel=\"canonical\" href=\"https:\/\/jaynolan.org\/es\/la-inscripcion-ya-esta-abierta-para-la-cohorte-de-invierno-de-2023-de-uniquely-capad-academy-uaa\/\" \/>\n<meta property=\"og:locale\" content=\"es_ES\" \/>\n<meta property=\"og:type\" content=\"article\" \/>\n<meta property=\"og:title\" content=\"La inscripci\u00f3n ya est\u00e1 abierta para la cohorte de invierno de 2023 de Uniquely Capad Academy (UAA) - Jay Nolan Community Services\" \/>\n<meta property=\"og:description\" content=\"Nos complace anunciar que el programa CNC Fast Track de la 4.\u00aa cohorte de la Academia con capacidades \u00fanicas (UAA) comenzar\u00e1 en enero de 2023.\" \/>\n<meta property=\"og:url\" content=\"https:\/\/jaynolan.org\/es\/la-inscripcion-ya-esta-abierta-para-la-cohorte-de-invierno-de-2023-de-uniquely-capad-academy-uaa\/\" \/>\n<meta property=\"og:site_name\" content=\"Jay Nolan Community Services\" \/>\n<meta property=\"article:publisher\" content=\"https:\/\/www.facebook.com\/JayNolanCommunityServices\/\" \/>\n<meta property=\"article:published_time\" content=\"2022-10-13T11:49:29+00:00\" \/>\n<meta property=\"article:modified_time\" content=\"2024-05-14T17:34:42+00:00\" \/>\n<meta property=\"og:image\" content=\"https:\/\/jaynolan.org\/wp-content\/uploads\/2022\/10\/uaa-1.jpg\" \/>\n\t<meta property=\"og:image:width\" content=\"800\" \/>\n\t<meta property=\"og:image:height\" content=\"533\" \/>\n\t<meta property=\"og:image:type\" content=\"image\/jpeg\" \/>\n<meta name=\"author\" content=\"Noelle Amey\" \/>\n<meta name=\"twitter:card\" content=\"summary_large_image\" \/>\n<meta name=\"twitter:creator\" content=\"@jaynolanorg\" \/>\n<meta name=\"twitter:site\" content=\"@jaynolanorg\" \/>\n<meta name=\"twitter:label1\" content=\"Escrito por\" \/>\n\t<meta name=\"twitter:data1\" content=\"Noelle Amey\" \/>\n\t<meta name=\"twitter:label2\" content=\"Tiempo de lectura\" \/>\n\t<meta name=\"twitter:data2\" content=\"3 minutos\" \/>\n<script type=\"application\/ld+json\" class=\"yoast-schema-graph\">{\"@context\":\"https:\\\/\\\/schema.org\",\"@graph\":[{\"@type\":\"Article\",\"@id\":\"https:\\\/\\\/jaynolan.org\\\/es\\\/la-inscripcion-ya-esta-abierta-para-la-cohorte-de-invierno-de-2023-de-uniquely-capad-academy-uaa\\\/#article\",\"isPartOf\":{\"@id\":\"https:\\\/\\\/jaynolan.org\\\/es\\\/la-inscripcion-ya-esta-abierta-para-la-cohorte-de-invierno-de-2023-de-uniquely-capad-academy-uaa\\\/\"},\"author\":{\"name\":\"Noelle Amey\",\"@id\":\"https:\\\/\\\/jaynolan.org\\\/es\\\/#\\\/schema\\\/person\\\/6d1d8010052b43bfee7d5dbb27f1edc1\"},\"headline\":\"La inscripci\u00f3n ya est\u00e1 abierta para la cohorte de invierno de 2023 de Uniquely Capad Academy (UAA)\",\"datePublished\":\"2022-10-13T11:49:29+00:00\",\"dateModified\":\"2024-05-14T17:34:42+00:00\",\"mainEntityOfPage\":{\"@id\":\"https:\\\/\\\/jaynolan.org\\\/es\\\/la-inscripcion-ya-esta-abierta-para-la-cohorte-de-invierno-de-2023-de-uniquely-capad-academy-uaa\\\/\"},\"wordCount\":618,\"commentCount\":0,\"publisher\":{\"@id\":\"https:\\\/\\\/jaynolan.org\\\/es\\\/#organization\"},\"image\":{\"@id\":\"https:\\\/\\\/jaynolan.org\\\/es\\\/la-inscripcion-ya-esta-abierta-para-la-cohorte-de-invierno-de-2023-de-uniquely-capad-academy-uaa\\\/#primaryimage\"},\"thumbnailUrl\":\"https:\\\/\\\/jaynolan.org\\\/wp-content\\\/uploads\\\/2022\\\/10\\\/uaa-1.jpg\",\"articleSection\":[\"Anuncios\",\"P\u00e1gina delantera\"],\"inLanguage\":\"es\",\"potentialAction\":[{\"@type\":\"CommentAction\",\"name\":\"Comment\",\"target\":[\"https:\\\/\\\/jaynolan.org\\\/es\\\/la-inscripcion-ya-esta-abierta-para-la-cohorte-de-invierno-de-2023-de-uniquely-capad-academy-uaa\\\/#respond\"]}]},{\"@type\":\"WebPage\",\"@id\":\"https:\\\/\\\/jaynolan.org\\\/es\\\/la-inscripcion-ya-esta-abierta-para-la-cohorte-de-invierno-de-2023-de-uniquely-capad-academy-uaa\\\/\",\"url\":\"https:\\\/\\\/jaynolan.org\\\/es\\\/la-inscripcion-ya-esta-abierta-para-la-cohorte-de-invierno-de-2023-de-uniquely-capad-academy-uaa\\\/\",\"name\":\"La inscripci\u00f3n ya est\u00e1 abierta para la cohorte de invierno de 2023 de Uniquely Capad Academy (UAA) - Jay Nolan Community Services\",\"isPartOf\":{\"@id\":\"https:\\\/\\\/jaynolan.org\\\/es\\\/#website\"},\"primaryImageOfPage\":{\"@id\":\"https:\\\/\\\/jaynolan.org\\\/es\\\/la-inscripcion-ya-esta-abierta-para-la-cohorte-de-invierno-de-2023-de-uniquely-capad-academy-uaa\\\/#primaryimage\"},\"image\":{\"@id\":\"https:\\\/\\\/jaynolan.org\\\/es\\\/la-inscripcion-ya-esta-abierta-para-la-cohorte-de-invierno-de-2023-de-uniquely-capad-academy-uaa\\\/#primaryimage\"},\"thumbnailUrl\":\"https:\\\/\\\/jaynolan.org\\\/wp-content\\\/uploads\\\/2022\\\/10\\\/uaa-1.jpg\",\"datePublished\":\"2022-10-13T11:49:29+00:00\",\"dateModified\":\"2024-05-14T17:34:42+00:00\",\"description\":\"Nos complace anunciar que el programa CNC Fast Track de la 4.\u00aa cohorte de la Academia con capacidades \u00fanicas (UAA) comenzar\u00e1 en enero de 2023.\",\"breadcrumb\":{\"@id\":\"https:\\\/\\\/jaynolan.org\\\/es\\\/la-inscripcion-ya-esta-abierta-para-la-cohorte-de-invierno-de-2023-de-uniquely-capad-academy-uaa\\\/#breadcrumb\"},\"inLanguage\":\"es\",\"potentialAction\":[{\"@type\":\"ReadAction\",\"target\":[\"https:\\\/\\\/jaynolan.org\\\/es\\\/la-inscripcion-ya-esta-abierta-para-la-cohorte-de-invierno-de-2023-de-uniquely-capad-academy-uaa\\\/\"]}]},{\"@type\":\"ImageObject\",\"inLanguage\":\"es\",\"@id\":\"https:\\\/\\\/jaynolan.org\\\/es\\\/la-inscripcion-ya-esta-abierta-para-la-cohorte-de-invierno-de-2023-de-uniquely-capad-academy-uaa\\\/#primaryimage\",\"url\":\"https:\\\/\\\/jaynolan.org\\\/wp-content\\\/uploads\\\/2022\\\/10\\\/uaa-1.jpg\",\"contentUrl\":\"https:\\\/\\\/jaynolan.org\\\/wp-content\\\/uploads\\\/2022\\\/10\\\/uaa-1.jpg\",\"width\":800,\"height\":533,\"caption\":\"A young cucasian man in a jean button down shirt using a machine in a machining workshop\"},{\"@type\":\"BreadcrumbList\",\"@id\":\"https:\\\/\\\/jaynolan.org\\\/es\\\/la-inscripcion-ya-esta-abierta-para-la-cohorte-de-invierno-de-2023-de-uniquely-capad-academy-uaa\\\/#breadcrumb\",\"itemListElement\":[{\"@type\":\"ListItem\",\"position\":1,\"name\":\"Home\",\"item\":\"https:\\\/\\\/jaynolan.org\\\/es\\\/\"},{\"@type\":\"ListItem\",\"position\":2,\"name\":\"La inscripci\u00f3n ya est\u00e1 abierta para la cohorte de invierno de 2023 de Uniquely Capad Academy (UAA)\"}]},{\"@type\":\"WebSite\",\"@id\":\"https:\\\/\\\/jaynolan.org\\\/es\\\/#website\",\"url\":\"https:\\\/\\\/jaynolan.org\\\/es\\\/\",\"name\":\"Jay Nolan Community Services\",\"description\":\"Making a difference since 1975\",\"publisher\":{\"@id\":\"https:\\\/\\\/jaynolan.org\\\/es\\\/#organization\"},\"potentialAction\":[{\"@type\":\"SearchAction\",\"target\":{\"@type\":\"EntryPoint\",\"urlTemplate\":\"https:\\\/\\\/jaynolan.org\\\/es\\\/?s={search_term_string}\"},\"query-input\":{\"@type\":\"PropertyValueSpecification\",\"valueRequired\":true,\"valueName\":\"search_term_string\"}}],\"inLanguage\":\"es\"},{\"@type\":\"Organization\",\"@id\":\"https:\\\/\\\/jaynolan.org\\\/es\\\/#organization\",\"name\":\"Jay Nolan Community Service\",\"url\":\"https:\\\/\\\/jaynolan.org\\\/es\\\/\",\"logo\":{\"@type\":\"ImageObject\",\"inLanguage\":\"es\",\"@id\":\"https:\\\/\\\/jaynolan.org\\\/es\\\/#\\\/schema\\\/logo\\\/image\\\/\",\"url\":\"https:\\\/\\\/jaynolan.org\\\/wp-content\\\/uploads\\\/2019\\\/04\\\/jncs6.png\",\"contentUrl\":\"https:\\\/\\\/jaynolan.org\\\/wp-content\\\/uploads\\\/2019\\\/04\\\/jncs6.png\",\"width\":200,\"height\":60,\"caption\":\"Jay Nolan Community Service\"},\"image\":{\"@id\":\"https:\\\/\\\/jaynolan.org\\\/es\\\/#\\\/schema\\\/logo\\\/image\\\/\"},\"sameAs\":[\"https:\\\/\\\/www.facebook.com\\\/JayNolanCommunityServices\\\/\",\"https:\\\/\\\/x.com\\\/jaynolanorg\",\"https:\\\/\\\/www.linkedin.com\\\/company\\\/jay-nolan-community-services\"]},{\"@type\":\"Person\",\"@id\":\"https:\\\/\\\/jaynolan.org\\\/es\\\/#\\\/schema\\\/person\\\/6d1d8010052b43bfee7d5dbb27f1edc1\",\"name\":\"Noelle Amey\",\"description\":\"Noelle is the Communications and Marketing Associate for Jay Nolan Community Services. She graduated with her BA in English from California Polytechnic State University in San Luis Obispo and has a Masters degree in Marketing from Georgetown University. Noelle has a passion for reading and writing, which she uses to create blogs. She loves sharing the success stories of all the supported individuals at Jay Nolan.\"}]}<\/script>\n<!-- \/ Yoast SEO plugin. -->","yoast_head_json":{"title":"La inscripci\u00f3n ya est\u00e1 abierta para la cohorte de invierno de 2023 de Uniquely Capad Academy (UAA) - Jay Nolan Community Services","description":"Nos complace anunciar que el programa CNC Fast Track de la 4.\u00aa cohorte de la Academia con capacidades \u00fanicas (UAA) comenzar\u00e1 en enero de 2023.","robots":{"index":"index","follow":"follow","max-snippet":"max-snippet:-1","max-image-preview":"max-image-preview:large","max-video-preview":"max-video-preview:-1"},"canonical":"https:\/\/jaynolan.org\/es\/la-inscripcion-ya-esta-abierta-para-la-cohorte-de-invierno-de-2023-de-uniquely-capad-academy-uaa\/","og_locale":"es_ES","og_type":"article","og_title":"La inscripci\u00f3n ya est\u00e1 abierta para la cohorte de invierno de 2023 de Uniquely Capad Academy (UAA) - Jay Nolan Community Services","og_description":"Nos complace anunciar que el programa CNC Fast Track de la 4.\u00aa cohorte de la Academia con capacidades \u00fanicas (UAA) comenzar\u00e1 en enero de 2023.","og_url":"https:\/\/jaynolan.org\/es\/la-inscripcion-ya-esta-abierta-para-la-cohorte-de-invierno-de-2023-de-uniquely-capad-academy-uaa\/","og_site_name":"Jay Nolan Community Services","article_publisher":"https:\/\/www.facebook.com\/JayNolanCommunityServices\/","article_published_time":"2022-10-13T11:49:29+00:00","article_modified_time":"2024-05-14T17:34:42+00:00","og_image":[{"width":800,"height":533,"url":"https:\/\/jaynolan.org\/wp-content\/uploads\/2022\/10\/uaa-1.jpg","type":"image\/jpeg"}],"author":"Noelle Amey","twitter_card":"summary_large_image","twitter_creator":"@jaynolanorg","twitter_site":"@jaynolanorg","twitter_misc":{"Escrito por":"Noelle Amey","Tiempo de lectura":"3 minutos"},"schema":{"@context":"https:\/\/schema.org","@graph":[{"@type":"Article","@id":"https:\/\/jaynolan.org\/es\/la-inscripcion-ya-esta-abierta-para-la-cohorte-de-invierno-de-2023-de-uniquely-capad-academy-uaa\/#article","isPartOf":{"@id":"https:\/\/jaynolan.org\/es\/la-inscripcion-ya-esta-abierta-para-la-cohorte-de-invierno-de-2023-de-uniquely-capad-academy-uaa\/"},"author":{"name":"Noelle Amey","@id":"https:\/\/jaynolan.org\/es\/#\/schema\/person\/6d1d8010052b43bfee7d5dbb27f1edc1"},"headline":"La inscripci\u00f3n ya est\u00e1 abierta para la cohorte de invierno de 2023 de Uniquely Capad Academy (UAA)","datePublished":"2022-10-13T11:49:29+00:00","dateModified":"2024-05-14T17:34:42+00:00","mainEntityOfPage":{"@id":"https:\/\/jaynolan.org\/es\/la-inscripcion-ya-esta-abierta-para-la-cohorte-de-invierno-de-2023-de-uniquely-capad-academy-uaa\/"},"wordCount":618,"commentCount":0,"publisher":{"@id":"https:\/\/jaynolan.org\/es\/#organization"},"image":{"@id":"https:\/\/jaynolan.org\/es\/la-inscripcion-ya-esta-abierta-para-la-cohorte-de-invierno-de-2023-de-uniquely-capad-academy-uaa\/#primaryimage"},"thumbnailUrl":"https:\/\/jaynolan.org\/wp-content\/uploads\/2022\/10\/uaa-1.jpg","articleSection":["Anuncios","P\u00e1gina delantera"],"inLanguage":"es","potentialAction":[{"@type":"CommentAction","name":"Comment","target":["https:\/\/jaynolan.org\/es\/la-inscripcion-ya-esta-abierta-para-la-cohorte-de-invierno-de-2023-de-uniquely-capad-academy-uaa\/#respond"]}]},{"@type":"WebPage","@id":"https:\/\/jaynolan.org\/es\/la-inscripcion-ya-esta-abierta-para-la-cohorte-de-invierno-de-2023-de-uniquely-capad-academy-uaa\/","url":"https:\/\/jaynolan.org\/es\/la-inscripcion-ya-esta-abierta-para-la-cohorte-de-invierno-de-2023-de-uniquely-capad-academy-uaa\/","name":"La inscripci\u00f3n ya est\u00e1 abierta para la cohorte de invierno de 2023 de Uniquely Capad Academy (UAA) - Jay Nolan Community Services","isPartOf":{"@id":"https:\/\/jaynolan.org\/es\/#website"},"primaryImageOfPage":{"@id":"https:\/\/jaynolan.org\/es\/la-inscripcion-ya-esta-abierta-para-la-cohorte-de-invierno-de-2023-de-uniquely-capad-academy-uaa\/#primaryimage"},"image":{"@id":"https:\/\/jaynolan.org\/es\/la-inscripcion-ya-esta-abierta-para-la-cohorte-de-invierno-de-2023-de-uniquely-capad-academy-uaa\/#primaryimage"},"thumbnailUrl":"https:\/\/jaynolan.org\/wp-content\/uploads\/2022\/10\/uaa-1.jpg","datePublished":"2022-10-13T11:49:29+00:00","dateModified":"2024-05-14T17:34:42+00:00","description":"Nos complace anunciar que el programa CNC Fast Track de la 4.\u00aa cohorte de la Academia con capacidades \u00fanicas (UAA) comenzar\u00e1 en enero de 2023.","breadcrumb":{"@id":"https:\/\/jaynolan.org\/es\/la-inscripcion-ya-esta-abierta-para-la-cohorte-de-invierno-de-2023-de-uniquely-capad-academy-uaa\/#breadcrumb"},"inLanguage":"es","potentialAction":[{"@type":"ReadAction","target":["https:\/\/jaynolan.org\/es\/la-inscripcion-ya-esta-abierta-para-la-cohorte-de-invierno-de-2023-de-uniquely-capad-academy-uaa\/"]}]},{"@type":"ImageObject","inLanguage":"es","@id":"https:\/\/jaynolan.org\/es\/la-inscripcion-ya-esta-abierta-para-la-cohorte-de-invierno-de-2023-de-uniquely-capad-academy-uaa\/#primaryimage","url":"https:\/\/jaynolan.org\/wp-content\/uploads\/2022\/10\/uaa-1.jpg","contentUrl":"https:\/\/jaynolan.org\/wp-content\/uploads\/2022\/10\/uaa-1.jpg","width":800,"height":533,"caption":"A young cucasian man in a jean button down shirt using a machine in a machining workshop"},{"@type":"BreadcrumbList","@id":"https:\/\/jaynolan.org\/es\/la-inscripcion-ya-esta-abierta-para-la-cohorte-de-invierno-de-2023-de-uniquely-capad-academy-uaa\/#breadcrumb","itemListElement":[{"@type":"ListItem","position":1,"name":"Home","item":"https:\/\/jaynolan.org\/es\/"},{"@type":"ListItem","position":2,"name":"La inscripci\u00f3n ya est\u00e1 abierta para la cohorte de invierno de 2023 de Uniquely Capad Academy (UAA)"}]},{"@type":"WebSite","@id":"https:\/\/jaynolan.org\/es\/#website","url":"https:\/\/jaynolan.org\/es\/","name":"Jay Nolan Community Services","description":"Making a difference since 1975","publisher":{"@id":"https:\/\/jaynolan.org\/es\/#organization"},"potentialAction":[{"@type":"SearchAction","target":{"@type":"EntryPoint","urlTemplate":"https:\/\/jaynolan.org\/es\/?s={search_term_string}"},"query-input":{"@type":"PropertyValueSpecification","valueRequired":true,"valueName":"search_term_string"}}],"inLanguage":"es"},{"@type":"Organization","@id":"https:\/\/jaynolan.org\/es\/#organization","name":"Jay Nolan Community Service","url":"https:\/\/jaynolan.org\/es\/","logo":{"@type":"ImageObject","inLanguage":"es","@id":"https:\/\/jaynolan.org\/es\/#\/schema\/logo\/image\/","url":"https:\/\/jaynolan.org\/wp-content\/uploads\/2019\/04\/jncs6.png","contentUrl":"https:\/\/jaynolan.org\/wp-content\/uploads\/2019\/04\/jncs6.png","width":200,"height":60,"caption":"Jay Nolan Community Service"},"image":{"@id":"https:\/\/jaynolan.org\/es\/#\/schema\/logo\/image\/"},"sameAs":["https:\/\/www.facebook.com\/JayNolanCommunityServices\/","https:\/\/x.com\/jaynolanorg","https:\/\/www.linkedin.com\/company\/jay-nolan-community-services"]},{"@type":"Person","@id":"https:\/\/jaynolan.org\/es\/#\/schema\/person\/6d1d8010052b43bfee7d5dbb27f1edc1","name":"Noelle Amey","description":"Noelle is the Communications and Marketing Associate for Jay Nolan Community Services. She graduated with her BA in English from California Polytechnic State University in San Luis Obispo and has a Masters degree in Marketing from Georgetown University. Noelle has a passion for reading and writing, which she uses to create blogs. She loves sharing the success stories of all the supported individuals at Jay Nolan."}]}},"_links":{"self":[{"href":"https:\/\/jaynolan.org\/es\/wp-json\/wp\/v2\/posts\/18250","targetHints":{"allow":["GET"]}}],"collection":[{"href":"https:\/\/jaynolan.org\/es\/wp-json\/wp\/v2\/posts"}],"about":[{"href":"https:\/\/jaynolan.org\/es\/wp-json\/wp\/v2\/types\/post"}],"author":[{"embeddable":true,"href":"https:\/\/jaynolan.org\/es\/wp-json\/wp\/v2\/users\/31"}],"replies":[{"embeddable":true,"href":"https:\/\/jaynolan.org\/es\/wp-json\/wp\/v2\/comments?post=18250"}],"version-history":[{"count":2,"href":"https:\/\/jaynolan.org\/es\/wp-json\/wp\/v2\/posts\/18250\/revisions"}],"predecessor-version":[{"id":21605,"href":"https:\/\/jaynolan.org\/es\/wp-json\/wp\/v2\/posts\/18250\/revisions\/21605"}],"wp:featuredmedia":[{"embeddable":true,"href":"https:\/\/jaynolan.org\/es\/wp-json\/wp\/v2\/media\/17611"}],"wp:attachment":[{"href":"https:\/\/jaynolan.org\/es\/wp-json\/wp\/v2\/media?parent=18250"}],"wp:term":[{"taxonomy":"category","embeddable":true,"href":"https:\/\/jaynolan.org\/es\/wp-json\/wp\/v2\/categories?post=18250"},{"taxonomy":"post_tag","embeddable":true,"href":"https:\/\/jaynolan.org\/es\/wp-json\/wp\/v2\/tags?post=18250"}],"curies":[{"name":"wp","href":"https:\/\/api.w.org\/{rel}","templated":true}]}}