{"id":23131,"date":"2024-10-01T10:11:41","date_gmt":"2024-10-01T17:11:41","guid":{"rendered":"https:\/\/jaynolan.org\/estudiantes-neurodiversos-celebran-la-finalizacion-exitosa-del-programa-de-capacitacion-laboral-en-habilidades-blandas\/"},"modified":"2025-10-09T23:19:33","modified_gmt":"2025-10-10T06:19:33","slug":"estudiantes-neurodiversos-celebran-la-finalizacion-exitosa-del-programa-de-capacitacion-laboral-en-habilidades-blandas","status":"publish","type":"post","link":"https:\/\/jaynolan.org\/es\/estudiantes-neurodiversos-celebran-la-finalizacion-exitosa-del-programa-de-capacitacion-laboral-en-habilidades-blandas\/","title":{"rendered":"Graduaci\u00f3n del Programa de Habilidades Blandas: estudiantes neurodiversos celebran su \u00e9xito"},"content":{"rendered":"<p>LOS \u00c1NGELES, CA: <a href=\"https:\/\/jaynolan.org\/es\/\" target=\"_blank\" rel=\"external nofollow noopener\">Jay Nolan Community Services<\/a> (JNCS) anuncia con orgullo la graduaci\u00f3n exitosa de la segunda cohorte de su Programa de capacitaci\u00f3n en preparaci\u00f3n para el empleo en habilidades blandas. Esta iniciativa innovadora ten\u00eda como objetivo empoderar a los adultos j\u00f3venes con intellectual y developmental disabilities (I\/DD) para asegurar y mantener un empleo significativo.<\/p>\n<p>Lanzado en 2023 con financiaci\u00f3n del <a href=\"https:\/\/www.dds.ca.gov\/\" target=\"_blank\" rel=\"external nofollow noopener\">Department of Developmental Services (DDS)<\/a>, El programa de capacitaci\u00f3n en l\u00ednea fue dise\u00f1ado para abordar los desaf\u00edos \u00fanicos que enfrentan las personas con I\/DD en el lugar de trabajo. Hist\u00f3ricamente, si bien muchas personas con I\/DD son capaces de realizar tareas relacionadas con el trabajo, a menudo necesitan apoyo adicional con las \u00abhabilidades sociales\u00bb necesarias para prosperar en un entorno profesional. Estas habilidades incluyen comunicaci\u00f3n efectiva, trabajo en equipo, gesti\u00f3n del tiempo, resoluci\u00f3n de problemas y profesionalismo, todas ellas fundamentales para el \u00e9xito profesional a largo plazo.<\/p>\n<p>El programa 2024, que se desarroll\u00f3 en dos cohortes de enero a mayo, fue un \u00e9xito rotundo. Todos los participantes no solo completaron la capacitaci\u00f3n sino que tambi\u00e9n hicieron la transici\u00f3n al desarrollo laboral, lo que marc\u00f3 un importante paso adelante en su camino hacia la independencia. El plan de estudios inclu\u00eda actividades pr\u00e1cticas y escenarios de la vida real, como entrevistas, que permitieron a los participantes practicar y perfeccionar estas habilidades esenciales en un entorno inclusivo y de apoyo.<\/p>\n<p>Este principio rector: \u00ab\u00a1Las habilidades duras te dan el trabajo, las habilidades blandas te ayudan a conservar el trabajo!\u00bb subraya la importancia de la formaci\u00f3n proporcionada por JNCS. Con la ayuda de herramientas de vanguardia, como la traducci\u00f3n en tiempo real y simulaciones de realidad virtual impulsadas por IA, los participantes pudieron participar en experiencias de aprendizaje inmersivas que los prepararon para los desaf\u00edos del lugar de trabajo moderno.<\/p>\n<p>JNCS est\u00e1 profundamente agradecido por la subvenci\u00f3n del DDS, que ha sido fundamental para hacer realidad este programa. La organizaci\u00f3n tambi\u00e9n extiende su m\u00e1s sincero agradecimiento al dedicado personal cuyos esfuerzos fueron cruciales para el \u00e9xito del programa. Jay Nolan Community Services se dedica a ofrecer una amplia gama de servicios de empleo. Alentamos a las familias a explorar estos valiosos recursos para ayudar a sus seres queridos a lograr un empleo significativo y duradero.<\/p>\n<p>Para obtener m\u00e1s informaci\u00f3n sobre Jay Nolan Community Services y sus programas, visite <a href=\"http:\/\/www.jaynolan.org\/\" target=\"_blank\" rel=\"external nofollow noopener\">www.jaynolan.org<\/a>.<\/p>\n<p><em>Desde 1975, <a href=\"https:\/\/jaynolan.org\/es\/\">Jay Nolan Community Services<\/a> ha permitido que las personas con trastorno del espectro autista y otras discapacidades del desarrollo vivan una vida plena como miembros de la comunidad al brindarles servicios de apoyo personalizados para sus necesidades individuales.<\/em><\/p>\n","protected":false},"excerpt":{"rendered":"<p>LOS \u00c1NGELES, CA: Jay Nolan Community Services (JNCS) anuncia con orgullo la graduaci\u00f3n exitosa de la segunda cohorte de su Programa de capacitaci\u00f3n en preparaci\u00f3n para el empleo en habilidades [&hellip;]<\/p>\n","protected":false},"author":4,"featured_media":23129,"comment_status":"open","ping_status":"open","sticky":false,"template":"","format":"standard","meta":{"_acf_changed":false,"_price":"","_stock":"","_tribe_ticket_header":"","_tribe_default_ticket_provider":"","_tribe_ticket_capacity":"","_ticket_start_date":"","_ticket_end_date":"","_tribe_ticket_show_description":"","_tribe_ticket_show_not_going":false,"_tribe_ticket_use_global_stock":"","_tribe_ticket_global_stock_level":"","_global_stock_mode":"","_global_stock_cap":"","_tribe_rsvp_for_event":"","_tribe_ticket_going_count":"","_tribe_ticket_not_going_count":"","_tribe_tickets_list":"[]","_tribe_ticket_has_attendee_info_fields":false,"footnotes":""},"categories":[112,151],"tags":[],"class_list":["post-23131","post","type-post","status-publish","format-standard","has-post-thumbnail","hentry","category-noticias-y-articulos","category-pagina-delantera"],"acf":[],"yoast_head":"<!-- This site is optimized with the Yoast SEO plugin v27.5 - https:\/\/yoast.com\/product\/yoast-seo-wordpress\/ -->\n<title>Graduaci\u00f3n del Programa de Habilidades Blandas: estudiantes neurodiversos celebran su \u00e9xito - Jay Nolan Community Services<\/title>\n<meta name=\"description\" content=\"Uniquely Abled Academy se enorgullece de anunciar la graduaci\u00f3n exitosa de 11 alumnos de su Programa de Capacitaci\u00f3n CNC.\" \/>\n<meta name=\"robots\" content=\"index, follow, max-snippet:-1, max-image-preview:large, max-video-preview:-1\" \/>\n<link rel=\"canonical\" href=\"https:\/\/jaynolan.org\/es\/estudiantes-neurodiversos-celebran-la-finalizacion-exitosa-del-programa-de-capacitacion-laboral-en-habilidades-blandas\/\" \/>\n<meta property=\"og:locale\" content=\"es_ES\" \/>\n<meta property=\"og:type\" content=\"article\" \/>\n<meta property=\"og:title\" content=\"Graduaci\u00f3n del Programa de Habilidades Blandas: estudiantes neurodiversos celebran su \u00e9xito - Jay Nolan Community Services\" \/>\n<meta property=\"og:description\" content=\"Uniquely Abled Academy se enorgullece de anunciar la graduaci\u00f3n exitosa de 11 alumnos de su Programa de Capacitaci\u00f3n CNC.\" \/>\n<meta property=\"og:url\" content=\"https:\/\/jaynolan.org\/es\/estudiantes-neurodiversos-celebran-la-finalizacion-exitosa-del-programa-de-capacitacion-laboral-en-habilidades-blandas\/\" \/>\n<meta property=\"og:site_name\" content=\"Jay Nolan Community Services\" \/>\n<meta property=\"article:publisher\" content=\"https:\/\/www.facebook.com\/JayNolanCommunityServices\/\" \/>\n<meta property=\"article:published_time\" content=\"2024-10-01T17:11:41+00:00\" \/>\n<meta property=\"article:modified_time\" content=\"2025-10-10T06:19:33+00:00\" \/>\n<meta property=\"og:image\" content=\"https:\/\/jaynolan.org\/wp-content\/uploads\/2024\/10\/soft-skills.jpeg\" \/>\n\t<meta property=\"og:image:width\" content=\"800\" \/>\n\t<meta property=\"og:image:height\" content=\"533\" \/>\n\t<meta property=\"og:image:type\" content=\"image\/jpeg\" \/>\n<meta name=\"author\" content=\"Marina Gavryushkina\" \/>\n<meta name=\"twitter:card\" content=\"summary_large_image\" \/>\n<meta name=\"twitter:creator\" content=\"@jaynolanorg\" \/>\n<meta name=\"twitter:site\" content=\"@jaynolanorg\" \/>\n<meta name=\"twitter:label1\" content=\"Escrito por\" \/>\n\t<meta name=\"twitter:data1\" content=\"Marina Gavryushkina\" \/>\n\t<meta name=\"twitter:label2\" content=\"Tiempo de lectura\" \/>\n\t<meta name=\"twitter:data2\" content=\"2 minutos\" \/>\n<script type=\"application\/ld+json\" class=\"yoast-schema-graph\">{\"@context\":\"https:\\\/\\\/schema.org\",\"@graph\":[{\"@type\":\"Article\",\"@id\":\"https:\\\/\\\/jaynolan.org\\\/es\\\/estudiantes-neurodiversos-celebran-la-finalizacion-exitosa-del-programa-de-capacitacion-laboral-en-habilidades-blandas\\\/#article\",\"isPartOf\":{\"@id\":\"https:\\\/\\\/jaynolan.org\\\/es\\\/estudiantes-neurodiversos-celebran-la-finalizacion-exitosa-del-programa-de-capacitacion-laboral-en-habilidades-blandas\\\/\"},\"author\":{\"name\":\"Marina Gavryushkina\",\"@id\":\"https:\\\/\\\/jaynolan.org\\\/es\\\/#\\\/schema\\\/person\\\/14248571453a8e9c117019f8ed491cc2\"},\"headline\":\"Graduaci\u00f3n del Programa de Habilidades Blandas: estudiantes neurodiversos celebran su \u00e9xito\",\"datePublished\":\"2024-10-01T17:11:41+00:00\",\"dateModified\":\"2025-10-10T06:19:33+00:00\",\"mainEntityOfPage\":{\"@id\":\"https:\\\/\\\/jaynolan.org\\\/es\\\/estudiantes-neurodiversos-celebran-la-finalizacion-exitosa-del-programa-de-capacitacion-laboral-en-habilidades-blandas\\\/\"},\"wordCount\":468,\"commentCount\":0,\"publisher\":{\"@id\":\"https:\\\/\\\/jaynolan.org\\\/es\\\/#organization\"},\"image\":{\"@id\":\"https:\\\/\\\/jaynolan.org\\\/es\\\/estudiantes-neurodiversos-celebran-la-finalizacion-exitosa-del-programa-de-capacitacion-laboral-en-habilidades-blandas\\\/#primaryimage\"},\"thumbnailUrl\":\"https:\\\/\\\/jaynolan.org\\\/wp-content\\\/uploads\\\/2024\\\/10\\\/soft-skills.jpeg\",\"articleSection\":[\"Noticias y art\u00edculos\",\"P\u00e1gina delantera\"],\"inLanguage\":\"es\",\"potentialAction\":[{\"@type\":\"CommentAction\",\"name\":\"Comment\",\"target\":[\"https:\\\/\\\/jaynolan.org\\\/es\\\/estudiantes-neurodiversos-celebran-la-finalizacion-exitosa-del-programa-de-capacitacion-laboral-en-habilidades-blandas\\\/#respond\"]}]},{\"@type\":\"WebPage\",\"@id\":\"https:\\\/\\\/jaynolan.org\\\/es\\\/estudiantes-neurodiversos-celebran-la-finalizacion-exitosa-del-programa-de-capacitacion-laboral-en-habilidades-blandas\\\/\",\"url\":\"https:\\\/\\\/jaynolan.org\\\/es\\\/estudiantes-neurodiversos-celebran-la-finalizacion-exitosa-del-programa-de-capacitacion-laboral-en-habilidades-blandas\\\/\",\"name\":\"Graduaci\u00f3n del Programa de Habilidades Blandas: estudiantes neurodiversos celebran su \u00e9xito - Jay Nolan Community Services\",\"isPartOf\":{\"@id\":\"https:\\\/\\\/jaynolan.org\\\/es\\\/#website\"},\"primaryImageOfPage\":{\"@id\":\"https:\\\/\\\/jaynolan.org\\\/es\\\/estudiantes-neurodiversos-celebran-la-finalizacion-exitosa-del-programa-de-capacitacion-laboral-en-habilidades-blandas\\\/#primaryimage\"},\"image\":{\"@id\":\"https:\\\/\\\/jaynolan.org\\\/es\\\/estudiantes-neurodiversos-celebran-la-finalizacion-exitosa-del-programa-de-capacitacion-laboral-en-habilidades-blandas\\\/#primaryimage\"},\"thumbnailUrl\":\"https:\\\/\\\/jaynolan.org\\\/wp-content\\\/uploads\\\/2024\\\/10\\\/soft-skills.jpeg\",\"datePublished\":\"2024-10-01T17:11:41+00:00\",\"dateModified\":\"2025-10-10T06:19:33+00:00\",\"description\":\"Uniquely Abled Academy se enorgullece de anunciar la graduaci\u00f3n exitosa de 11 alumnos de su Programa de Capacitaci\u00f3n CNC.\",\"breadcrumb\":{\"@id\":\"https:\\\/\\\/jaynolan.org\\\/es\\\/estudiantes-neurodiversos-celebran-la-finalizacion-exitosa-del-programa-de-capacitacion-laboral-en-habilidades-blandas\\\/#breadcrumb\"},\"inLanguage\":\"es\",\"potentialAction\":[{\"@type\":\"ReadAction\",\"target\":[\"https:\\\/\\\/jaynolan.org\\\/es\\\/estudiantes-neurodiversos-celebran-la-finalizacion-exitosa-del-programa-de-capacitacion-laboral-en-habilidades-blandas\\\/\"]}]},{\"@type\":\"ImageObject\",\"inLanguage\":\"es\",\"@id\":\"https:\\\/\\\/jaynolan.org\\\/es\\\/estudiantes-neurodiversos-celebran-la-finalizacion-exitosa-del-programa-de-capacitacion-laboral-en-habilidades-blandas\\\/#primaryimage\",\"url\":\"https:\\\/\\\/jaynolan.org\\\/wp-content\\\/uploads\\\/2024\\\/10\\\/soft-skills.jpeg\",\"contentUrl\":\"https:\\\/\\\/jaynolan.org\\\/wp-content\\\/uploads\\\/2024\\\/10\\\/soft-skills.jpeg\",\"width\":800,\"height\":533,\"caption\":\"Four young adults (two male and two female) hold up their graduation certificates from the JNCS Soft Skills Employment Preparation Training Program.\"},{\"@type\":\"BreadcrumbList\",\"@id\":\"https:\\\/\\\/jaynolan.org\\\/es\\\/estudiantes-neurodiversos-celebran-la-finalizacion-exitosa-del-programa-de-capacitacion-laboral-en-habilidades-blandas\\\/#breadcrumb\",\"itemListElement\":[{\"@type\":\"ListItem\",\"position\":1,\"name\":\"Home\",\"item\":\"https:\\\/\\\/jaynolan.org\\\/es\\\/\"},{\"@type\":\"ListItem\",\"position\":2,\"name\":\"Graduaci\u00f3n del Programa de Habilidades Blandas: estudiantes neurodiversos celebran su \u00e9xito\"}]},{\"@type\":\"WebSite\",\"@id\":\"https:\\\/\\\/jaynolan.org\\\/es\\\/#website\",\"url\":\"https:\\\/\\\/jaynolan.org\\\/es\\\/\",\"name\":\"Jay Nolan Community Services\",\"description\":\"Making a difference since 1975\",\"publisher\":{\"@id\":\"https:\\\/\\\/jaynolan.org\\\/es\\\/#organization\"},\"potentialAction\":[{\"@type\":\"SearchAction\",\"target\":{\"@type\":\"EntryPoint\",\"urlTemplate\":\"https:\\\/\\\/jaynolan.org\\\/es\\\/?s={search_term_string}\"},\"query-input\":{\"@type\":\"PropertyValueSpecification\",\"valueRequired\":true,\"valueName\":\"search_term_string\"}}],\"inLanguage\":\"es\"},{\"@type\":\"Organization\",\"@id\":\"https:\\\/\\\/jaynolan.org\\\/es\\\/#organization\",\"name\":\"Jay Nolan Community Service\",\"url\":\"https:\\\/\\\/jaynolan.org\\\/es\\\/\",\"logo\":{\"@type\":\"ImageObject\",\"inLanguage\":\"es\",\"@id\":\"https:\\\/\\\/jaynolan.org\\\/es\\\/#\\\/schema\\\/logo\\\/image\\\/\",\"url\":\"https:\\\/\\\/jaynolan.org\\\/wp-content\\\/uploads\\\/2019\\\/04\\\/jncs6.png\",\"contentUrl\":\"https:\\\/\\\/jaynolan.org\\\/wp-content\\\/uploads\\\/2019\\\/04\\\/jncs6.png\",\"width\":200,\"height\":60,\"caption\":\"Jay Nolan Community Service\"},\"image\":{\"@id\":\"https:\\\/\\\/jaynolan.org\\\/es\\\/#\\\/schema\\\/logo\\\/image\\\/\"},\"sameAs\":[\"https:\\\/\\\/www.facebook.com\\\/JayNolanCommunityServices\\\/\",\"https:\\\/\\\/x.com\\\/jaynolanorg\",\"https:\\\/\\\/www.linkedin.com\\\/company\\\/jay-nolan-community-services\"]},{\"@type\":\"Person\",\"@id\":\"https:\\\/\\\/jaynolan.org\\\/es\\\/#\\\/schema\\\/person\\\/14248571453a8e9c117019f8ed491cc2\",\"name\":\"Marina Gavryushkina\",\"description\":\"Marina is the Manager of Communications &amp; Development at Jay Nolan Community Services. Her role includes outreach and spreading awareness of the mission of the organization through storytelling, social media, and other online communications efforts. Marina is a lifelong learner and holds as a Bachelors degree from the University of California, Berkeley, and an Masters degree from Leiden University in the Netherlands.\"}]}<\/script>\n<!-- \/ Yoast SEO plugin. -->","yoast_head_json":{"title":"Graduaci\u00f3n del Programa de Habilidades Blandas: estudiantes neurodiversos celebran su \u00e9xito - Jay Nolan Community Services","description":"Uniquely Abled Academy se enorgullece de anunciar la graduaci\u00f3n exitosa de 11 alumnos de su Programa de Capacitaci\u00f3n CNC.","robots":{"index":"index","follow":"follow","max-snippet":"max-snippet:-1","max-image-preview":"max-image-preview:large","max-video-preview":"max-video-preview:-1"},"canonical":"https:\/\/jaynolan.org\/es\/estudiantes-neurodiversos-celebran-la-finalizacion-exitosa-del-programa-de-capacitacion-laboral-en-habilidades-blandas\/","og_locale":"es_ES","og_type":"article","og_title":"Graduaci\u00f3n del Programa de Habilidades Blandas: estudiantes neurodiversos celebran su \u00e9xito - Jay Nolan Community Services","og_description":"Uniquely Abled Academy se enorgullece de anunciar la graduaci\u00f3n exitosa de 11 alumnos de su Programa de Capacitaci\u00f3n CNC.","og_url":"https:\/\/jaynolan.org\/es\/estudiantes-neurodiversos-celebran-la-finalizacion-exitosa-del-programa-de-capacitacion-laboral-en-habilidades-blandas\/","og_site_name":"Jay Nolan Community Services","article_publisher":"https:\/\/www.facebook.com\/JayNolanCommunityServices\/","article_published_time":"2024-10-01T17:11:41+00:00","article_modified_time":"2025-10-10T06:19:33+00:00","og_image":[{"width":800,"height":533,"url":"https:\/\/jaynolan.org\/wp-content\/uploads\/2024\/10\/soft-skills.jpeg","type":"image\/jpeg"}],"author":"Marina Gavryushkina","twitter_card":"summary_large_image","twitter_creator":"@jaynolanorg","twitter_site":"@jaynolanorg","twitter_misc":{"Escrito por":"Marina Gavryushkina","Tiempo de lectura":"2 minutos"},"schema":{"@context":"https:\/\/schema.org","@graph":[{"@type":"Article","@id":"https:\/\/jaynolan.org\/es\/estudiantes-neurodiversos-celebran-la-finalizacion-exitosa-del-programa-de-capacitacion-laboral-en-habilidades-blandas\/#article","isPartOf":{"@id":"https:\/\/jaynolan.org\/es\/estudiantes-neurodiversos-celebran-la-finalizacion-exitosa-del-programa-de-capacitacion-laboral-en-habilidades-blandas\/"},"author":{"name":"Marina Gavryushkina","@id":"https:\/\/jaynolan.org\/es\/#\/schema\/person\/14248571453a8e9c117019f8ed491cc2"},"headline":"Graduaci\u00f3n del Programa de Habilidades Blandas: estudiantes neurodiversos celebran su \u00e9xito","datePublished":"2024-10-01T17:11:41+00:00","dateModified":"2025-10-10T06:19:33+00:00","mainEntityOfPage":{"@id":"https:\/\/jaynolan.org\/es\/estudiantes-neurodiversos-celebran-la-finalizacion-exitosa-del-programa-de-capacitacion-laboral-en-habilidades-blandas\/"},"wordCount":468,"commentCount":0,"publisher":{"@id":"https:\/\/jaynolan.org\/es\/#organization"},"image":{"@id":"https:\/\/jaynolan.org\/es\/estudiantes-neurodiversos-celebran-la-finalizacion-exitosa-del-programa-de-capacitacion-laboral-en-habilidades-blandas\/#primaryimage"},"thumbnailUrl":"https:\/\/jaynolan.org\/wp-content\/uploads\/2024\/10\/soft-skills.jpeg","articleSection":["Noticias y art\u00edculos","P\u00e1gina delantera"],"inLanguage":"es","potentialAction":[{"@type":"CommentAction","name":"Comment","target":["https:\/\/jaynolan.org\/es\/estudiantes-neurodiversos-celebran-la-finalizacion-exitosa-del-programa-de-capacitacion-laboral-en-habilidades-blandas\/#respond"]}]},{"@type":"WebPage","@id":"https:\/\/jaynolan.org\/es\/estudiantes-neurodiversos-celebran-la-finalizacion-exitosa-del-programa-de-capacitacion-laboral-en-habilidades-blandas\/","url":"https:\/\/jaynolan.org\/es\/estudiantes-neurodiversos-celebran-la-finalizacion-exitosa-del-programa-de-capacitacion-laboral-en-habilidades-blandas\/","name":"Graduaci\u00f3n del Programa de Habilidades Blandas: estudiantes neurodiversos celebran su \u00e9xito - Jay Nolan Community Services","isPartOf":{"@id":"https:\/\/jaynolan.org\/es\/#website"},"primaryImageOfPage":{"@id":"https:\/\/jaynolan.org\/es\/estudiantes-neurodiversos-celebran-la-finalizacion-exitosa-del-programa-de-capacitacion-laboral-en-habilidades-blandas\/#primaryimage"},"image":{"@id":"https:\/\/jaynolan.org\/es\/estudiantes-neurodiversos-celebran-la-finalizacion-exitosa-del-programa-de-capacitacion-laboral-en-habilidades-blandas\/#primaryimage"},"thumbnailUrl":"https:\/\/jaynolan.org\/wp-content\/uploads\/2024\/10\/soft-skills.jpeg","datePublished":"2024-10-01T17:11:41+00:00","dateModified":"2025-10-10T06:19:33+00:00","description":"Uniquely Abled Academy se enorgullece de anunciar la graduaci\u00f3n exitosa de 11 alumnos de su Programa de Capacitaci\u00f3n CNC.","breadcrumb":{"@id":"https:\/\/jaynolan.org\/es\/estudiantes-neurodiversos-celebran-la-finalizacion-exitosa-del-programa-de-capacitacion-laboral-en-habilidades-blandas\/#breadcrumb"},"inLanguage":"es","potentialAction":[{"@type":"ReadAction","target":["https:\/\/jaynolan.org\/es\/estudiantes-neurodiversos-celebran-la-finalizacion-exitosa-del-programa-de-capacitacion-laboral-en-habilidades-blandas\/"]}]},{"@type":"ImageObject","inLanguage":"es","@id":"https:\/\/jaynolan.org\/es\/estudiantes-neurodiversos-celebran-la-finalizacion-exitosa-del-programa-de-capacitacion-laboral-en-habilidades-blandas\/#primaryimage","url":"https:\/\/jaynolan.org\/wp-content\/uploads\/2024\/10\/soft-skills.jpeg","contentUrl":"https:\/\/jaynolan.org\/wp-content\/uploads\/2024\/10\/soft-skills.jpeg","width":800,"height":533,"caption":"Four young adults (two male and two female) hold up their graduation certificates from the JNCS Soft Skills Employment Preparation Training Program."},{"@type":"BreadcrumbList","@id":"https:\/\/jaynolan.org\/es\/estudiantes-neurodiversos-celebran-la-finalizacion-exitosa-del-programa-de-capacitacion-laboral-en-habilidades-blandas\/#breadcrumb","itemListElement":[{"@type":"ListItem","position":1,"name":"Home","item":"https:\/\/jaynolan.org\/es\/"},{"@type":"ListItem","position":2,"name":"Graduaci\u00f3n del Programa de Habilidades Blandas: estudiantes neurodiversos celebran su \u00e9xito"}]},{"@type":"WebSite","@id":"https:\/\/jaynolan.org\/es\/#website","url":"https:\/\/jaynolan.org\/es\/","name":"Jay Nolan Community Services","description":"Making a difference since 1975","publisher":{"@id":"https:\/\/jaynolan.org\/es\/#organization"},"potentialAction":[{"@type":"SearchAction","target":{"@type":"EntryPoint","urlTemplate":"https:\/\/jaynolan.org\/es\/?s={search_term_string}"},"query-input":{"@type":"PropertyValueSpecification","valueRequired":true,"valueName":"search_term_string"}}],"inLanguage":"es"},{"@type":"Organization","@id":"https:\/\/jaynolan.org\/es\/#organization","name":"Jay Nolan Community Service","url":"https:\/\/jaynolan.org\/es\/","logo":{"@type":"ImageObject","inLanguage":"es","@id":"https:\/\/jaynolan.org\/es\/#\/schema\/logo\/image\/","url":"https:\/\/jaynolan.org\/wp-content\/uploads\/2019\/04\/jncs6.png","contentUrl":"https:\/\/jaynolan.org\/wp-content\/uploads\/2019\/04\/jncs6.png","width":200,"height":60,"caption":"Jay Nolan Community Service"},"image":{"@id":"https:\/\/jaynolan.org\/es\/#\/schema\/logo\/image\/"},"sameAs":["https:\/\/www.facebook.com\/JayNolanCommunityServices\/","https:\/\/x.com\/jaynolanorg","https:\/\/www.linkedin.com\/company\/jay-nolan-community-services"]},{"@type":"Person","@id":"https:\/\/jaynolan.org\/es\/#\/schema\/person\/14248571453a8e9c117019f8ed491cc2","name":"Marina Gavryushkina","description":"Marina is the Manager of Communications &amp; Development at Jay Nolan Community Services. Her role includes outreach and spreading awareness of the mission of the organization through storytelling, social media, and other online communications efforts. Marina is a lifelong learner and holds as a Bachelors degree from the University of California, Berkeley, and an Masters degree from Leiden University in the Netherlands."}]}},"_links":{"self":[{"href":"https:\/\/jaynolan.org\/es\/wp-json\/wp\/v2\/posts\/23131","targetHints":{"allow":["GET"]}}],"collection":[{"href":"https:\/\/jaynolan.org\/es\/wp-json\/wp\/v2\/posts"}],"about":[{"href":"https:\/\/jaynolan.org\/es\/wp-json\/wp\/v2\/types\/post"}],"author":[{"embeddable":true,"href":"https:\/\/jaynolan.org\/es\/wp-json\/wp\/v2\/users\/4"}],"replies":[{"embeddable":true,"href":"https:\/\/jaynolan.org\/es\/wp-json\/wp\/v2\/comments?post=23131"}],"version-history":[{"count":2,"href":"https:\/\/jaynolan.org\/es\/wp-json\/wp\/v2\/posts\/23131\/revisions"}],"predecessor-version":[{"id":30625,"href":"https:\/\/jaynolan.org\/es\/wp-json\/wp\/v2\/posts\/23131\/revisions\/30625"}],"wp:featuredmedia":[{"embeddable":true,"href":"https:\/\/jaynolan.org\/es\/wp-json\/wp\/v2\/media\/23129"}],"wp:attachment":[{"href":"https:\/\/jaynolan.org\/es\/wp-json\/wp\/v2\/media?parent=23131"}],"wp:term":[{"taxonomy":"category","embeddable":true,"href":"https:\/\/jaynolan.org\/es\/wp-json\/wp\/v2\/categories?post=23131"},{"taxonomy":"post_tag","embeddable":true,"href":"https:\/\/jaynolan.org\/es\/wp-json\/wp\/v2\/tags?post=23131"}],"curies":[{"name":"wp","href":"https:\/\/api.w.org\/{rel}","templated":true}]}}