{"id":24970,"date":"2024-11-22T14:23:51","date_gmt":"2024-11-22T22:23:51","guid":{"rendered":"https:\/\/jaynolan.org\/recursos-para-el-mes-nacional-de-los-cuidadores-familiares\/"},"modified":"2025-10-09T23:07:17","modified_gmt":"2025-10-10T06:07:17","slug":"recursos-para-el-mes-nacional-de-los-cuidadores-familiares","status":"publish","type":"post","link":"https:\/\/jaynolan.org\/es\/recursos-para-el-mes-nacional-de-los-cuidadores-familiares\/","title":{"rendered":"Recursos para el Mes Nacional de los Cuidadores Familiares"},"content":{"rendered":"&#013;\n<p>Durante el mes de noviembre, reflexionamos sobre todo lo que tenemos que agradecer, y los cuidadores familiares sin duda son una gran parte de ello. Durante el Mes Nacional de los Cuidadores Familiares este noviembre, Jay Nolan quiere resaltar su incre\u00edble dedicaci\u00f3n y brindar recursos para apoyar a todos aquellos que cuidan a familias y seres queridos.<\/p>&#013;\n<p><strong>Todos necesitan apoyo<\/strong><\/p>&#013;\n<p>Apoyar a otra persona no significa que debas dejar de preocuparte por ti mismo. De hecho, cuanto mejor cuidemos nuestro propio cuerpo y nuestra salud mental, mejor podremos ofrecer apoyo a otros. Seg\u00fan <a href=\"https:\/\/www.caregiver.org\/resource\/caregiver-statistics-work-and-caregiving\/\">Family Caregiver Alliance<\/a>, \u201cM\u00e1s de 1 de cada 6 estadounidenses que trabajan a tiempo completo o parcial informan ayudar con el cuidado de un familiar, pariente o amigo anciano o discapacitado\u201d. Incluso si el cuidado es el trabajo de tiempo completo de alguien o no, la comunidad es una parte integral de la vida. Parte de la misi\u00f3n de Jay Nolan es fomentar esa comunidad; garantizar que nadie camine solo.<\/p>&#013;\n<p><strong>C\u00f3mo la formaci\u00f3n marca la diferencia<\/strong><\/p>&#013;\n<p>Jay Nolan ofrece capacitaci\u00f3n para todos los empleados que apoyan a personas neurodiversas. MANDT Training es una de las principales herramientas que se ense\u00f1a a todo el personal de Jay Nolan y que ense\u00f1a c\u00f3mo navegar en diferentes tipos de situaciones al apoyar a otras personas. MANDT se centra en c\u00f3mo estar m\u00e1s informado sobre las historias, los antecedentes y las experiencias de las personas ayuda a crear las mejores oportunidades para el \u00e9xito; y ese apoyo puede ser diferente para cada persona atendida. Jay Nolan se compromete a brindar apoyo y recursos no solo a las personas que reciben apoyo, sino tambi\u00e9n a todos los profesionales de soporte directo. Otro proveedor de formaci\u00f3n es Open Future Learning, que proporciona recursos con un enfoque multimedia para el personal de apoyo.<\/p>&#013;\n<p><strong>Recursos<\/strong><\/p>&#013;\n<p>Mantenerse no tiene por qu\u00e9 parecer un lujo, es un derecho. T\u00f3mese el tiempo para atenderse a s\u00ed mismo de la forma que desee o pueda necesitar. Aseg\u00farese de priorizar su propio bienestar junto con el de los dem\u00e1s. Alentamos a todos a consultar los recursos disponibles que se enumeran a continuaci\u00f3n y a comentar enlaces a m\u00e1s que pueden haberlo ayudado.<\/p>&#013;\n<p><a href=\"https:\/\/jaynolan.org\/es\/blog\/recursos\/\">P\u00e1gina de recursos de Jay Nolan<\/a>: Nuestros art\u00edculos de recursos ofrecen consejos pr\u00e1cticos sobre diversos temas relacionados con el apoyo a personas neurodiversas, incluida la salud mental, el transporte y la planificaci\u00f3n financiera.<\/p>&#013;\n<p><a href=\"https:\/\/www.openfuturelearning.org\/index.cfm?fuseaction=login.videosondemand\" target=\"_blank\" rel=\"noopener\">Aprendizaje futuro abierto<\/a>: Tiene un excelente archivo de videos relacionados con el apoyo a personas con discapacidades intelectuales y del desarrollo de una manera solidaria, respetuosa y hol\u00edstica. \u00a1Le recomendamos encarecidamente que los consulte!<\/p>&#013;\n<p><a href=\"https:\/\/www.dds.ca.gov\/services\/dspt\/\" target=\"_blank\" rel=\"noopener\">Departamento de Servicios de Desarrollo<\/a>: Ofrece un programa de formaci\u00f3n basado en competencias dise\u00f1ado espec\u00edficamente para Direct Support Professionals (DSPs). Consulte su sitio web para conocer la disponibilidad de capacitaci\u00f3n y las calificaciones.<\/p>&#013;\n<p><a href=\"https:\/\/cacaregivers.org\/resource\/\">Alianza de Cuidadores de California<\/a>: Conecta a los lectores con informaci\u00f3n, apoyo, recursos y representaci\u00f3n. Tienen muchos art\u00edculos de blog sobre diversos temas, incluido c\u00f3mo apoyar a los j\u00f3venes LGBTQ+, los j\u00f3venes en hogares de crianza y m\u00e1s.<\/p>&#013;\n<p><a href=\"https:\/\/frcnca.org\/\">Red de centros de recursos familiares de California<\/a>: Adem\u00e1s de ayudar a las familias a navegar, defender y obtener acceso equitativo a los recursos, FRCNC tambi\u00e9n ofrece oportunidades de desarrollo profesional para el personal que busca desarrollar sus habilidades profesionales en el campo del cuidado.<\/p>&#013;\n<p><a href=\"https:\/\/www.caregivercalifornia.org\/2024\/07\/19\/caregiving-for-individuals-with-developmental-disabilities\/\">Centros de recursos para el cuidado de California: cuidado de personas con discapacidades del desarrollo<\/a>: Su p\u00e1gina de recursos contiene una variedad de art\u00edculos e informaci\u00f3n sobre el cuidado de personas con discapacidades del desarrollo, as\u00ed como consejos pr\u00e1cticos para los cuidadores.<\/p>&#013;\n<p><a href=\"https:\/\/caregiverdoc.com\/national-family-caregivers-month\/#:~:text=National%20Family%20Caregivers%20Month%20is,1%20to%20Saturday%2C%20November%2030.\">Invisible: Mes Nacional de los Cuidadores Familiares<\/a>: Esta p\u00e1gina explica la importancia del Mes de los cuidadores familiares y ofrece una gu\u00eda gratuita para aprender 12 ideas pr\u00e1cticas para apoyar a los cuidadores familiares.<\/p>&#013;\n<p>\u00a0<\/p>&#013;\n<p>\u00a0<\/p>&#013;\n","protected":false},"excerpt":{"rendered":"<p>&#013; Durante el mes de noviembre, reflexionamos sobre todo lo que tenemos que agradecer, y los cuidadores familiares sin duda son una gran parte de ello. Durante el Mes Nacional [&hellip;]<\/p>\n","protected":false},"author":31,"featured_media":24862,"comment_status":"open","ping_status":"closed","sticky":false,"template":"","format":"standard","meta":{"_acf_changed":false,"_price":"","_stock":"","_tribe_ticket_header":"","_tribe_default_ticket_provider":"","_tribe_ticket_capacity":"","_ticket_start_date":"","_ticket_end_date":"","_tribe_ticket_show_description":"","_tribe_ticket_show_not_going":false,"_tribe_ticket_use_global_stock":"","_tribe_ticket_global_stock_level":"","_global_stock_mode":"","_global_stock_cap":"","_tribe_rsvp_for_event":"","_tribe_ticket_going_count":"","_tribe_ticket_not_going_count":"","_tribe_tickets_list":"[]","_tribe_ticket_has_attendee_info_fields":false,"footnotes":""},"categories":[139],"tags":[],"class_list":["post-24970","post","type-post","status-publish","format-standard","has-post-thumbnail","hentry","category-recursos"],"acf":[],"yoast_head":"<!-- This site is optimized with the Yoast SEO plugin v27.5 - https:\/\/yoast.com\/product\/yoast-seo-wordpress\/ -->\n<title>Recursos para el Mes Nacional de los Cuidadores Familiares - Jay Nolan Community Services<\/title>\n<meta name=\"description\" content=\"Aqu\u00ed hay algunos recursos para apoyar a todos aquellos que cuidan a familias y seres queridos durante el Mes Nacional de los Cuidadores Familiares.\" \/>\n<meta name=\"robots\" content=\"index, follow, max-snippet:-1, max-image-preview:large, max-video-preview:-1\" \/>\n<link rel=\"canonical\" href=\"https:\/\/jaynolan.org\/es\/recursos-para-el-mes-nacional-de-los-cuidadores-familiares\/\" \/>\n<meta property=\"og:locale\" content=\"es_ES\" \/>\n<meta property=\"og:type\" content=\"article\" \/>\n<meta property=\"og:title\" content=\"Recursos para el Mes Nacional de los Cuidadores Familiares - Jay Nolan Community Services\" \/>\n<meta property=\"og:description\" content=\"Aqu\u00ed hay algunos recursos para apoyar a todos aquellos que cuidan a familias y seres queridos durante el Mes Nacional de los Cuidadores Familiares.\" \/>\n<meta property=\"og:url\" content=\"https:\/\/jaynolan.org\/es\/recursos-para-el-mes-nacional-de-los-cuidadores-familiares\/\" \/>\n<meta property=\"og:site_name\" content=\"Jay Nolan Community Services\" \/>\n<meta property=\"article:publisher\" content=\"https:\/\/www.facebook.com\/JayNolanCommunityServices\/\" \/>\n<meta property=\"article:published_time\" content=\"2024-11-22T22:23:51+00:00\" \/>\n<meta property=\"article:modified_time\" content=\"2025-10-10T06:07:17+00:00\" \/>\n<meta property=\"og:image\" content=\"https:\/\/jaynolan.org\/wp-content\/uploads\/2024\/11\/p1082881-scaled.jpg\" \/>\n\t<meta property=\"og:image:width\" content=\"2560\" \/>\n\t<meta property=\"og:image:height\" content=\"1920\" \/>\n\t<meta property=\"og:image:type\" content=\"image\/jpeg\" \/>\n<meta name=\"author\" content=\"Noelle Amey\" \/>\n<meta name=\"twitter:card\" content=\"summary_large_image\" \/>\n<meta name=\"twitter:creator\" content=\"@jaynolanorg\" \/>\n<meta name=\"twitter:site\" content=\"@jaynolanorg\" \/>\n<meta name=\"twitter:label1\" content=\"Escrito por\" \/>\n\t<meta name=\"twitter:data1\" content=\"Noelle Amey\" \/>\n\t<meta name=\"twitter:label2\" content=\"Tiempo de lectura\" \/>\n\t<meta name=\"twitter:data2\" content=\"3 minutos\" \/>\n<script type=\"application\/ld+json\" class=\"yoast-schema-graph\">{\"@context\":\"https:\\\/\\\/schema.org\",\"@graph\":[{\"@type\":\"Article\",\"@id\":\"https:\\\/\\\/jaynolan.org\\\/es\\\/recursos-para-el-mes-nacional-de-los-cuidadores-familiares\\\/#article\",\"isPartOf\":{\"@id\":\"https:\\\/\\\/jaynolan.org\\\/es\\\/recursos-para-el-mes-nacional-de-los-cuidadores-familiares\\\/\"},\"author\":{\"name\":\"Noelle Amey\",\"@id\":\"https:\\\/\\\/jaynolan.org\\\/es\\\/#\\\/schema\\\/person\\\/6d1d8010052b43bfee7d5dbb27f1edc1\"},\"headline\":\"Recursos para el Mes Nacional de los Cuidadores Familiares\",\"datePublished\":\"2024-11-22T22:23:51+00:00\",\"dateModified\":\"2025-10-10T06:07:17+00:00\",\"mainEntityOfPage\":{\"@id\":\"https:\\\/\\\/jaynolan.org\\\/es\\\/recursos-para-el-mes-nacional-de-los-cuidadores-familiares\\\/\"},\"wordCount\":672,\"commentCount\":0,\"publisher\":{\"@id\":\"https:\\\/\\\/jaynolan.org\\\/es\\\/#organization\"},\"image\":{\"@id\":\"https:\\\/\\\/jaynolan.org\\\/es\\\/recursos-para-el-mes-nacional-de-los-cuidadores-familiares\\\/#primaryimage\"},\"thumbnailUrl\":\"https:\\\/\\\/jaynolan.org\\\/wp-content\\\/uploads\\\/2024\\\/11\\\/p1082881-scaled.jpg\",\"articleSection\":[\"Recursos\"],\"inLanguage\":\"es\",\"potentialAction\":[{\"@type\":\"CommentAction\",\"name\":\"Comment\",\"target\":[\"https:\\\/\\\/jaynolan.org\\\/es\\\/recursos-para-el-mes-nacional-de-los-cuidadores-familiares\\\/#respond\"]}]},{\"@type\":\"WebPage\",\"@id\":\"https:\\\/\\\/jaynolan.org\\\/es\\\/recursos-para-el-mes-nacional-de-los-cuidadores-familiares\\\/\",\"url\":\"https:\\\/\\\/jaynolan.org\\\/es\\\/recursos-para-el-mes-nacional-de-los-cuidadores-familiares\\\/\",\"name\":\"Recursos para el Mes Nacional de los Cuidadores Familiares - Jay Nolan Community Services\",\"isPartOf\":{\"@id\":\"https:\\\/\\\/jaynolan.org\\\/es\\\/#website\"},\"primaryImageOfPage\":{\"@id\":\"https:\\\/\\\/jaynolan.org\\\/es\\\/recursos-para-el-mes-nacional-de-los-cuidadores-familiares\\\/#primaryimage\"},\"image\":{\"@id\":\"https:\\\/\\\/jaynolan.org\\\/es\\\/recursos-para-el-mes-nacional-de-los-cuidadores-familiares\\\/#primaryimage\"},\"thumbnailUrl\":\"https:\\\/\\\/jaynolan.org\\\/wp-content\\\/uploads\\\/2024\\\/11\\\/p1082881-scaled.jpg\",\"datePublished\":\"2024-11-22T22:23:51+00:00\",\"dateModified\":\"2025-10-10T06:07:17+00:00\",\"description\":\"Aqu\u00ed hay algunos recursos para apoyar a todos aquellos que cuidan a familias y seres queridos durante el Mes Nacional de los Cuidadores Familiares.\",\"breadcrumb\":{\"@id\":\"https:\\\/\\\/jaynolan.org\\\/es\\\/recursos-para-el-mes-nacional-de-los-cuidadores-familiares\\\/#breadcrumb\"},\"inLanguage\":\"es\",\"potentialAction\":[{\"@type\":\"ReadAction\",\"target\":[\"https:\\\/\\\/jaynolan.org\\\/es\\\/recursos-para-el-mes-nacional-de-los-cuidadores-familiares\\\/\"]}]},{\"@type\":\"ImageObject\",\"inLanguage\":\"es\",\"@id\":\"https:\\\/\\\/jaynolan.org\\\/es\\\/recursos-para-el-mes-nacional-de-los-cuidadores-familiares\\\/#primaryimage\",\"url\":\"https:\\\/\\\/jaynolan.org\\\/wp-content\\\/uploads\\\/2024\\\/11\\\/p1082881-scaled.jpg\",\"contentUrl\":\"https:\\\/\\\/jaynolan.org\\\/wp-content\\\/uploads\\\/2024\\\/11\\\/p1082881-scaled.jpg\",\"width\":2560,\"height\":1920,\"caption\":\"photo of two brothers side hugging.\"},{\"@type\":\"BreadcrumbList\",\"@id\":\"https:\\\/\\\/jaynolan.org\\\/es\\\/recursos-para-el-mes-nacional-de-los-cuidadores-familiares\\\/#breadcrumb\",\"itemListElement\":[{\"@type\":\"ListItem\",\"position\":1,\"name\":\"Home\",\"item\":\"https:\\\/\\\/jaynolan.org\\\/es\\\/\"},{\"@type\":\"ListItem\",\"position\":2,\"name\":\"Recursos para el Mes Nacional de los Cuidadores Familiares\"}]},{\"@type\":\"WebSite\",\"@id\":\"https:\\\/\\\/jaynolan.org\\\/es\\\/#website\",\"url\":\"https:\\\/\\\/jaynolan.org\\\/es\\\/\",\"name\":\"Jay Nolan Community Services\",\"description\":\"Making a difference since 1975\",\"publisher\":{\"@id\":\"https:\\\/\\\/jaynolan.org\\\/es\\\/#organization\"},\"potentialAction\":[{\"@type\":\"SearchAction\",\"target\":{\"@type\":\"EntryPoint\",\"urlTemplate\":\"https:\\\/\\\/jaynolan.org\\\/es\\\/?s={search_term_string}\"},\"query-input\":{\"@type\":\"PropertyValueSpecification\",\"valueRequired\":true,\"valueName\":\"search_term_string\"}}],\"inLanguage\":\"es\"},{\"@type\":\"Organization\",\"@id\":\"https:\\\/\\\/jaynolan.org\\\/es\\\/#organization\",\"name\":\"Jay Nolan Community Service\",\"url\":\"https:\\\/\\\/jaynolan.org\\\/es\\\/\",\"logo\":{\"@type\":\"ImageObject\",\"inLanguage\":\"es\",\"@id\":\"https:\\\/\\\/jaynolan.org\\\/es\\\/#\\\/schema\\\/logo\\\/image\\\/\",\"url\":\"https:\\\/\\\/jaynolan.org\\\/wp-content\\\/uploads\\\/2019\\\/04\\\/jncs6.png\",\"contentUrl\":\"https:\\\/\\\/jaynolan.org\\\/wp-content\\\/uploads\\\/2019\\\/04\\\/jncs6.png\",\"width\":200,\"height\":60,\"caption\":\"Jay Nolan Community Service\"},\"image\":{\"@id\":\"https:\\\/\\\/jaynolan.org\\\/es\\\/#\\\/schema\\\/logo\\\/image\\\/\"},\"sameAs\":[\"https:\\\/\\\/www.facebook.com\\\/JayNolanCommunityServices\\\/\",\"https:\\\/\\\/x.com\\\/jaynolanorg\",\"https:\\\/\\\/www.linkedin.com\\\/company\\\/jay-nolan-community-services\"]},{\"@type\":\"Person\",\"@id\":\"https:\\\/\\\/jaynolan.org\\\/es\\\/#\\\/schema\\\/person\\\/6d1d8010052b43bfee7d5dbb27f1edc1\",\"name\":\"Noelle Amey\",\"description\":\"Noelle is the Communications and Marketing Associate for Jay Nolan Community Services. She graduated with her BA in English from California Polytechnic State University in San Luis Obispo and has a Masters degree in Marketing from Georgetown University. Noelle has a passion for reading and writing, which she uses to create blogs. She loves sharing the success stories of all the supported individuals at Jay Nolan.\"}]}<\/script>\n<!-- \/ Yoast SEO plugin. -->","yoast_head_json":{"title":"Recursos para el Mes Nacional de los Cuidadores Familiares - Jay Nolan Community Services","description":"Aqu\u00ed hay algunos recursos para apoyar a todos aquellos que cuidan a familias y seres queridos durante el Mes Nacional de los Cuidadores Familiares.","robots":{"index":"index","follow":"follow","max-snippet":"max-snippet:-1","max-image-preview":"max-image-preview:large","max-video-preview":"max-video-preview:-1"},"canonical":"https:\/\/jaynolan.org\/es\/recursos-para-el-mes-nacional-de-los-cuidadores-familiares\/","og_locale":"es_ES","og_type":"article","og_title":"Recursos para el Mes Nacional de los Cuidadores Familiares - Jay Nolan Community Services","og_description":"Aqu\u00ed hay algunos recursos para apoyar a todos aquellos que cuidan a familias y seres queridos durante el Mes Nacional de los Cuidadores Familiares.","og_url":"https:\/\/jaynolan.org\/es\/recursos-para-el-mes-nacional-de-los-cuidadores-familiares\/","og_site_name":"Jay Nolan Community Services","article_publisher":"https:\/\/www.facebook.com\/JayNolanCommunityServices\/","article_published_time":"2024-11-22T22:23:51+00:00","article_modified_time":"2025-10-10T06:07:17+00:00","og_image":[{"width":2560,"height":1920,"url":"https:\/\/jaynolan.org\/wp-content\/uploads\/2024\/11\/p1082881-scaled.jpg","type":"image\/jpeg"}],"author":"Noelle Amey","twitter_card":"summary_large_image","twitter_creator":"@jaynolanorg","twitter_site":"@jaynolanorg","twitter_misc":{"Escrito por":"Noelle Amey","Tiempo de lectura":"3 minutos"},"schema":{"@context":"https:\/\/schema.org","@graph":[{"@type":"Article","@id":"https:\/\/jaynolan.org\/es\/recursos-para-el-mes-nacional-de-los-cuidadores-familiares\/#article","isPartOf":{"@id":"https:\/\/jaynolan.org\/es\/recursos-para-el-mes-nacional-de-los-cuidadores-familiares\/"},"author":{"name":"Noelle Amey","@id":"https:\/\/jaynolan.org\/es\/#\/schema\/person\/6d1d8010052b43bfee7d5dbb27f1edc1"},"headline":"Recursos para el Mes Nacional de los Cuidadores Familiares","datePublished":"2024-11-22T22:23:51+00:00","dateModified":"2025-10-10T06:07:17+00:00","mainEntityOfPage":{"@id":"https:\/\/jaynolan.org\/es\/recursos-para-el-mes-nacional-de-los-cuidadores-familiares\/"},"wordCount":672,"commentCount":0,"publisher":{"@id":"https:\/\/jaynolan.org\/es\/#organization"},"image":{"@id":"https:\/\/jaynolan.org\/es\/recursos-para-el-mes-nacional-de-los-cuidadores-familiares\/#primaryimage"},"thumbnailUrl":"https:\/\/jaynolan.org\/wp-content\/uploads\/2024\/11\/p1082881-scaled.jpg","articleSection":["Recursos"],"inLanguage":"es","potentialAction":[{"@type":"CommentAction","name":"Comment","target":["https:\/\/jaynolan.org\/es\/recursos-para-el-mes-nacional-de-los-cuidadores-familiares\/#respond"]}]},{"@type":"WebPage","@id":"https:\/\/jaynolan.org\/es\/recursos-para-el-mes-nacional-de-los-cuidadores-familiares\/","url":"https:\/\/jaynolan.org\/es\/recursos-para-el-mes-nacional-de-los-cuidadores-familiares\/","name":"Recursos para el Mes Nacional de los Cuidadores Familiares - Jay Nolan Community Services","isPartOf":{"@id":"https:\/\/jaynolan.org\/es\/#website"},"primaryImageOfPage":{"@id":"https:\/\/jaynolan.org\/es\/recursos-para-el-mes-nacional-de-los-cuidadores-familiares\/#primaryimage"},"image":{"@id":"https:\/\/jaynolan.org\/es\/recursos-para-el-mes-nacional-de-los-cuidadores-familiares\/#primaryimage"},"thumbnailUrl":"https:\/\/jaynolan.org\/wp-content\/uploads\/2024\/11\/p1082881-scaled.jpg","datePublished":"2024-11-22T22:23:51+00:00","dateModified":"2025-10-10T06:07:17+00:00","description":"Aqu\u00ed hay algunos recursos para apoyar a todos aquellos que cuidan a familias y seres queridos durante el Mes Nacional de los Cuidadores Familiares.","breadcrumb":{"@id":"https:\/\/jaynolan.org\/es\/recursos-para-el-mes-nacional-de-los-cuidadores-familiares\/#breadcrumb"},"inLanguage":"es","potentialAction":[{"@type":"ReadAction","target":["https:\/\/jaynolan.org\/es\/recursos-para-el-mes-nacional-de-los-cuidadores-familiares\/"]}]},{"@type":"ImageObject","inLanguage":"es","@id":"https:\/\/jaynolan.org\/es\/recursos-para-el-mes-nacional-de-los-cuidadores-familiares\/#primaryimage","url":"https:\/\/jaynolan.org\/wp-content\/uploads\/2024\/11\/p1082881-scaled.jpg","contentUrl":"https:\/\/jaynolan.org\/wp-content\/uploads\/2024\/11\/p1082881-scaled.jpg","width":2560,"height":1920,"caption":"photo of two brothers side hugging."},{"@type":"BreadcrumbList","@id":"https:\/\/jaynolan.org\/es\/recursos-para-el-mes-nacional-de-los-cuidadores-familiares\/#breadcrumb","itemListElement":[{"@type":"ListItem","position":1,"name":"Home","item":"https:\/\/jaynolan.org\/es\/"},{"@type":"ListItem","position":2,"name":"Recursos para el Mes Nacional de los Cuidadores Familiares"}]},{"@type":"WebSite","@id":"https:\/\/jaynolan.org\/es\/#website","url":"https:\/\/jaynolan.org\/es\/","name":"Jay Nolan Community Services","description":"Making a difference since 1975","publisher":{"@id":"https:\/\/jaynolan.org\/es\/#organization"},"potentialAction":[{"@type":"SearchAction","target":{"@type":"EntryPoint","urlTemplate":"https:\/\/jaynolan.org\/es\/?s={search_term_string}"},"query-input":{"@type":"PropertyValueSpecification","valueRequired":true,"valueName":"search_term_string"}}],"inLanguage":"es"},{"@type":"Organization","@id":"https:\/\/jaynolan.org\/es\/#organization","name":"Jay Nolan Community Service","url":"https:\/\/jaynolan.org\/es\/","logo":{"@type":"ImageObject","inLanguage":"es","@id":"https:\/\/jaynolan.org\/es\/#\/schema\/logo\/image\/","url":"https:\/\/jaynolan.org\/wp-content\/uploads\/2019\/04\/jncs6.png","contentUrl":"https:\/\/jaynolan.org\/wp-content\/uploads\/2019\/04\/jncs6.png","width":200,"height":60,"caption":"Jay Nolan Community Service"},"image":{"@id":"https:\/\/jaynolan.org\/es\/#\/schema\/logo\/image\/"},"sameAs":["https:\/\/www.facebook.com\/JayNolanCommunityServices\/","https:\/\/x.com\/jaynolanorg","https:\/\/www.linkedin.com\/company\/jay-nolan-community-services"]},{"@type":"Person","@id":"https:\/\/jaynolan.org\/es\/#\/schema\/person\/6d1d8010052b43bfee7d5dbb27f1edc1","name":"Noelle Amey","description":"Noelle is the Communications and Marketing Associate for Jay Nolan Community Services. She graduated with her BA in English from California Polytechnic State University in San Luis Obispo and has a Masters degree in Marketing from Georgetown University. Noelle has a passion for reading and writing, which she uses to create blogs. She loves sharing the success stories of all the supported individuals at Jay Nolan."}]}},"_links":{"self":[{"href":"https:\/\/jaynolan.org\/es\/wp-json\/wp\/v2\/posts\/24970","targetHints":{"allow":["GET"]}}],"collection":[{"href":"https:\/\/jaynolan.org\/es\/wp-json\/wp\/v2\/posts"}],"about":[{"href":"https:\/\/jaynolan.org\/es\/wp-json\/wp\/v2\/types\/post"}],"author":[{"embeddable":true,"href":"https:\/\/jaynolan.org\/es\/wp-json\/wp\/v2\/users\/31"}],"replies":[{"embeddable":true,"href":"https:\/\/jaynolan.org\/es\/wp-json\/wp\/v2\/comments?post=24970"}],"version-history":[{"count":2,"href":"https:\/\/jaynolan.org\/es\/wp-json\/wp\/v2\/posts\/24970\/revisions"}],"predecessor-version":[{"id":30620,"href":"https:\/\/jaynolan.org\/es\/wp-json\/wp\/v2\/posts\/24970\/revisions\/30620"}],"wp:featuredmedia":[{"embeddable":true,"href":"https:\/\/jaynolan.org\/es\/wp-json\/wp\/v2\/media\/24862"}],"wp:attachment":[{"href":"https:\/\/jaynolan.org\/es\/wp-json\/wp\/v2\/media?parent=24970"}],"wp:term":[{"taxonomy":"category","embeddable":true,"href":"https:\/\/jaynolan.org\/es\/wp-json\/wp\/v2\/categories?post=24970"},{"taxonomy":"post_tag","embeddable":true,"href":"https:\/\/jaynolan.org\/es\/wp-json\/wp\/v2\/tags?post=24970"}],"curies":[{"name":"wp","href":"https:\/\/api.w.org\/{rel}","templated":true}]}}