{"id":26848,"date":"2025-02-24T14:17:46","date_gmt":"2025-02-24T22:17:46","guid":{"rendered":"https:\/\/jaynolan.org\/como-se-ve-en-el-acto-de-equilibrio\/"},"modified":"2025-10-09T22:26:51","modified_gmt":"2025-10-10T05:26:51","slug":"como-se-ve-en-el-acto-de-equilibrio","status":"publish","type":"post","link":"https:\/\/jaynolan.org\/es\/como-se-ve-en-el-acto-de-equilibrio\/","title":{"rendered":"Como se ve en El Acto de Equilibrio"},"content":{"rendered":"<p><iframe title=\"Building Support and Inclusion | Jay Nolan Community Services on The Balancing Act\" width=\"800\" height=\"450\" src=\"https:\/\/www.youtube.com\/embed\/W9zO7KjsEAs?feature=oembed\" frameborder=\"0\" allow=\"accelerometer; autoplay; clipboard-write; encrypted-media; gyroscope; picture-in-picture; web-share\" referrerpolicy=\"strict-origin-when-cross-origin\" allowfullscreen><\/iframe><\/p>\n<p>Estamos encantados de anunciar que Jay Nolan Community Services fue destacado recientemente en <a href=\"https:\/\/thebalancingact.com\/building-support-and-inclusion-for-the-autism-community\/\">\u00a1El acto de equilibrio con Montel Williams!<\/a><\/p>\n<p>Haga clic para ver nuestra funci\u00f3n especial de 30 minutos que celebra nuestro 50 aniversario.\u00a0 Obtenga m\u00e1s informaci\u00f3n sobre c\u00f3mo JNCS ha marcado una diferencia en las vidas de las personas a las que servimos en las \u00faltimas cinco d\u00e9cadas y nuestro impacto en el futuro. Este segmento destac\u00f3 algunos de nuestros servicios m\u00e1s impactantes, incluidos los servicios de empleo, los servicios de vida con apoyo, los servicios de habilidades adaptativas y nuestro querido campamento de verano Jay Nolan.<\/p>\n<p>Estamos incre\u00edblemente orgullosos del trabajo que hacemos y agradecidos por la oportunidad de compartir nuestra historia sobre The Balancing Act. Esta caracter\u00edstica nos permite llegar a una audiencia m\u00e1s amplia y mostrar el impacto positivo de nuestros servicios. Esperamos que inspire a otros a apoyar nuestra misi\u00f3n y unirse a nosotros para marcar una diferencia en las vidas de aquellos a quienes servimos.<\/p>\n<p><em>Esta funci\u00f3n ampliada se basa en <a href=\"https:\/\/jaynolan.org\/es\/the-balancing-act-2\/\">nuestro segmento<\/a> anterior sobre The Balancing Act en 2024.<\/em><\/p>\n<p><strong>Pr\u00f3ximas fechas y horarios de emisi\u00f3n*:<\/strong><\/p>\n<ul>\n<li>S\u00e1bado 1 de marzo a las 10:30 am en KCOP-MyNetworkSaturday<\/li>\n<\/ul>\n<p><em>*Tenga en cuenta: el n\u00famero de canal var\u00eda seg\u00fan el servicio de cable o las opciones de visualizaci\u00f3n de los espectadores. Consulte sus listados locales.<\/em><\/p>\n","protected":false},"excerpt":{"rendered":"<p>Estamos encantados de anunciar que Jay Nolan Community Services fue destacado recientemente en \u00a1El acto de equilibrio con Montel Williams! Haga clic para ver nuestra funci\u00f3n especial de 30 minutos [&hellip;]<\/p>\n","protected":false},"author":4,"featured_media":26840,"comment_status":"open","ping_status":"closed","sticky":false,"template":"","format":"standard","meta":{"_acf_changed":false,"_price":"","_stock":"","_tribe_ticket_header":"","_tribe_default_ticket_provider":"","_tribe_ticket_capacity":"","_ticket_start_date":"","_ticket_end_date":"","_tribe_ticket_show_description":"","_tribe_ticket_show_not_going":false,"_tribe_ticket_use_global_stock":"","_tribe_ticket_global_stock_level":"","_global_stock_mode":"","_global_stock_cap":"","_tribe_rsvp_for_event":"","_tribe_ticket_going_count":"","_tribe_ticket_not_going_count":"","_tribe_tickets_list":"[]","_tribe_ticket_has_attendee_info_fields":false,"footnotes":""},"categories":[151,196],"tags":[],"class_list":["post-26848","post","type-post","status-publish","format-standard","has-post-thumbnail","hentry","category-pagina-delantera","category-television-y-medios"],"acf":[],"yoast_head":"<!-- This site is optimized with the Yoast SEO plugin v27.5 - https:\/\/yoast.com\/product\/yoast-seo-wordpress\/ -->\n<title>Como se ve en El Acto de Equilibrio - Jay Nolan Community Services<\/title>\n<meta name=\"description\" content=\"Vea nuestro art\u00edculo especial de 30 minutos sobre The Balancing Act, que celebra nuestro 50.\u00ba aniversario y destaca nuestro impacto en la comunidad autista.\" \/>\n<meta name=\"robots\" content=\"index, follow, max-snippet:-1, max-image-preview:large, max-video-preview:-1\" \/>\n<link rel=\"canonical\" href=\"https:\/\/jaynolan.org\/es\/como-se-ve-en-el-acto-de-equilibrio\/\" \/>\n<meta property=\"og:locale\" content=\"es_ES\" \/>\n<meta property=\"og:type\" content=\"article\" \/>\n<meta property=\"og:title\" content=\"Como se ve en El Acto de Equilibrio - Jay Nolan Community Services\" \/>\n<meta property=\"og:description\" content=\"Vea nuestro art\u00edculo especial de 30 minutos sobre The Balancing Act, que celebra nuestro 50.\u00ba aniversario y destaca nuestro impacto en la comunidad autista.\" \/>\n<meta property=\"og:url\" content=\"https:\/\/jaynolan.org\/es\/como-se-ve-en-el-acto-de-equilibrio\/\" \/>\n<meta property=\"og:site_name\" content=\"Jay Nolan Community Services\" \/>\n<meta property=\"article:publisher\" content=\"https:\/\/www.facebook.com\/JayNolanCommunityServices\/\" \/>\n<meta property=\"article:published_time\" content=\"2025-02-24T22:17:46+00:00\" \/>\n<meta property=\"article:modified_time\" content=\"2025-10-10T05:26:51+00:00\" \/>\n<meta property=\"og:image\" content=\"https:\/\/jaynolan.org\/wp-content\/uploads\/2025\/02\/video-thumbnails.jpg\" \/>\n\t<meta property=\"og:image:width\" content=\"1280\" \/>\n\t<meta property=\"og:image:height\" content=\"720\" \/>\n\t<meta property=\"og:image:type\" content=\"image\/jpeg\" \/>\n<meta name=\"author\" content=\"Marina Gavryushkina\" \/>\n<meta name=\"twitter:card\" content=\"summary_large_image\" \/>\n<meta name=\"twitter:creator\" content=\"@jaynolanorg\" \/>\n<meta name=\"twitter:site\" content=\"@jaynolanorg\" \/>\n<meta name=\"twitter:label1\" content=\"Escrito por\" \/>\n\t<meta name=\"twitter:data1\" content=\"Marina Gavryushkina\" \/>\n\t<meta name=\"twitter:label2\" content=\"Tiempo de lectura\" \/>\n\t<meta name=\"twitter:data2\" content=\"1 minuto\" \/>\n<script type=\"application\/ld+json\" class=\"yoast-schema-graph\">{\"@context\":\"https:\\\/\\\/schema.org\",\"@graph\":[{\"@type\":\"Article\",\"@id\":\"https:\\\/\\\/jaynolan.org\\\/es\\\/como-se-ve-en-el-acto-de-equilibrio\\\/#article\",\"isPartOf\":{\"@id\":\"https:\\\/\\\/jaynolan.org\\\/es\\\/como-se-ve-en-el-acto-de-equilibrio\\\/\"},\"author\":{\"name\":\"Marina Gavryushkina\",\"@id\":\"https:\\\/\\\/jaynolan.org\\\/es\\\/#\\\/schema\\\/person\\\/14248571453a8e9c117019f8ed491cc2\"},\"headline\":\"Como se ve en El Acto de Equilibrio\",\"datePublished\":\"2025-02-24T22:17:46+00:00\",\"dateModified\":\"2025-10-10T05:26:51+00:00\",\"mainEntityOfPage\":{\"@id\":\"https:\\\/\\\/jaynolan.org\\\/es\\\/como-se-ve-en-el-acto-de-equilibrio\\\/\"},\"wordCount\":245,\"commentCount\":0,\"publisher\":{\"@id\":\"https:\\\/\\\/jaynolan.org\\\/es\\\/#organization\"},\"image\":{\"@id\":\"https:\\\/\\\/jaynolan.org\\\/es\\\/como-se-ve-en-el-acto-de-equilibrio\\\/#primaryimage\"},\"thumbnailUrl\":\"https:\\\/\\\/jaynolan.org\\\/wp-content\\\/uploads\\\/2025\\\/02\\\/video-thumbnails.jpg\",\"articleSection\":[\"P\u00e1gina delantera\",\"Televisi\u00f3n y medios\"],\"inLanguage\":\"es\",\"potentialAction\":[{\"@type\":\"CommentAction\",\"name\":\"Comment\",\"target\":[\"https:\\\/\\\/jaynolan.org\\\/es\\\/como-se-ve-en-el-acto-de-equilibrio\\\/#respond\"]}]},{\"@type\":\"WebPage\",\"@id\":\"https:\\\/\\\/jaynolan.org\\\/es\\\/como-se-ve-en-el-acto-de-equilibrio\\\/\",\"url\":\"https:\\\/\\\/jaynolan.org\\\/es\\\/como-se-ve-en-el-acto-de-equilibrio\\\/\",\"name\":\"Como se ve en El Acto de Equilibrio - Jay Nolan Community Services\",\"isPartOf\":{\"@id\":\"https:\\\/\\\/jaynolan.org\\\/es\\\/#website\"},\"primaryImageOfPage\":{\"@id\":\"https:\\\/\\\/jaynolan.org\\\/es\\\/como-se-ve-en-el-acto-de-equilibrio\\\/#primaryimage\"},\"image\":{\"@id\":\"https:\\\/\\\/jaynolan.org\\\/es\\\/como-se-ve-en-el-acto-de-equilibrio\\\/#primaryimage\"},\"thumbnailUrl\":\"https:\\\/\\\/jaynolan.org\\\/wp-content\\\/uploads\\\/2025\\\/02\\\/video-thumbnails.jpg\",\"datePublished\":\"2025-02-24T22:17:46+00:00\",\"dateModified\":\"2025-10-10T05:26:51+00:00\",\"description\":\"Vea nuestro art\u00edculo especial de 30 minutos sobre The Balancing Act, que celebra nuestro 50.\u00ba aniversario y destaca nuestro impacto en la comunidad autista.\",\"breadcrumb\":{\"@id\":\"https:\\\/\\\/jaynolan.org\\\/es\\\/como-se-ve-en-el-acto-de-equilibrio\\\/#breadcrumb\"},\"inLanguage\":\"es\",\"potentialAction\":[{\"@type\":\"ReadAction\",\"target\":[\"https:\\\/\\\/jaynolan.org\\\/es\\\/como-se-ve-en-el-acto-de-equilibrio\\\/\"]}]},{\"@type\":\"ImageObject\",\"inLanguage\":\"es\",\"@id\":\"https:\\\/\\\/jaynolan.org\\\/es\\\/como-se-ve-en-el-acto-de-equilibrio\\\/#primaryimage\",\"url\":\"https:\\\/\\\/jaynolan.org\\\/wp-content\\\/uploads\\\/2025\\\/02\\\/video-thumbnails.jpg\",\"contentUrl\":\"https:\\\/\\\/jaynolan.org\\\/wp-content\\\/uploads\\\/2025\\\/02\\\/video-thumbnails.jpg\",\"width\":1280,\"height\":720,\"caption\":\"Video thumbnail featuring three scenes of individuals served by Jay Nolan Services and Jay Nolan staff having a great time out in the community. Text reads: \\\"Building Support & Inclusion: Jay Nolan Community Services on The Balancing Act\\\"\"},{\"@type\":\"BreadcrumbList\",\"@id\":\"https:\\\/\\\/jaynolan.org\\\/es\\\/como-se-ve-en-el-acto-de-equilibrio\\\/#breadcrumb\",\"itemListElement\":[{\"@type\":\"ListItem\",\"position\":1,\"name\":\"Home\",\"item\":\"https:\\\/\\\/jaynolan.org\\\/es\\\/\"},{\"@type\":\"ListItem\",\"position\":2,\"name\":\"Como se ve en El Acto de Equilibrio\"}]},{\"@type\":\"WebSite\",\"@id\":\"https:\\\/\\\/jaynolan.org\\\/es\\\/#website\",\"url\":\"https:\\\/\\\/jaynolan.org\\\/es\\\/\",\"name\":\"Jay Nolan Community Services\",\"description\":\"Making a difference since 1975\",\"publisher\":{\"@id\":\"https:\\\/\\\/jaynolan.org\\\/es\\\/#organization\"},\"potentialAction\":[{\"@type\":\"SearchAction\",\"target\":{\"@type\":\"EntryPoint\",\"urlTemplate\":\"https:\\\/\\\/jaynolan.org\\\/es\\\/?s={search_term_string}\"},\"query-input\":{\"@type\":\"PropertyValueSpecification\",\"valueRequired\":true,\"valueName\":\"search_term_string\"}}],\"inLanguage\":\"es\"},{\"@type\":\"Organization\",\"@id\":\"https:\\\/\\\/jaynolan.org\\\/es\\\/#organization\",\"name\":\"Jay Nolan Community Service\",\"url\":\"https:\\\/\\\/jaynolan.org\\\/es\\\/\",\"logo\":{\"@type\":\"ImageObject\",\"inLanguage\":\"es\",\"@id\":\"https:\\\/\\\/jaynolan.org\\\/es\\\/#\\\/schema\\\/logo\\\/image\\\/\",\"url\":\"https:\\\/\\\/jaynolan.org\\\/wp-content\\\/uploads\\\/2019\\\/04\\\/jncs6.png\",\"contentUrl\":\"https:\\\/\\\/jaynolan.org\\\/wp-content\\\/uploads\\\/2019\\\/04\\\/jncs6.png\",\"width\":200,\"height\":60,\"caption\":\"Jay Nolan Community Service\"},\"image\":{\"@id\":\"https:\\\/\\\/jaynolan.org\\\/es\\\/#\\\/schema\\\/logo\\\/image\\\/\"},\"sameAs\":[\"https:\\\/\\\/www.facebook.com\\\/JayNolanCommunityServices\\\/\",\"https:\\\/\\\/x.com\\\/jaynolanorg\",\"https:\\\/\\\/www.linkedin.com\\\/company\\\/jay-nolan-community-services\"]},{\"@type\":\"Person\",\"@id\":\"https:\\\/\\\/jaynolan.org\\\/es\\\/#\\\/schema\\\/person\\\/14248571453a8e9c117019f8ed491cc2\",\"name\":\"Marina Gavryushkina\",\"description\":\"Marina is the Manager of Communications &amp; Development at Jay Nolan Community Services. Her role includes outreach and spreading awareness of the mission of the organization through storytelling, social media, and other online communications efforts. Marina is a lifelong learner and holds as a Bachelors degree from the University of California, Berkeley, and an Masters degree from Leiden University in the Netherlands.\"}]}<\/script>\n<!-- \/ Yoast SEO plugin. -->","yoast_head_json":{"title":"Como se ve en El Acto de Equilibrio - Jay Nolan Community Services","description":"Vea nuestro art\u00edculo especial de 30 minutos sobre The Balancing Act, que celebra nuestro 50.\u00ba aniversario y destaca nuestro impacto en la comunidad autista.","robots":{"index":"index","follow":"follow","max-snippet":"max-snippet:-1","max-image-preview":"max-image-preview:large","max-video-preview":"max-video-preview:-1"},"canonical":"https:\/\/jaynolan.org\/es\/como-se-ve-en-el-acto-de-equilibrio\/","og_locale":"es_ES","og_type":"article","og_title":"Como se ve en El Acto de Equilibrio - Jay Nolan Community Services","og_description":"Vea nuestro art\u00edculo especial de 30 minutos sobre The Balancing Act, que celebra nuestro 50.\u00ba aniversario y destaca nuestro impacto en la comunidad autista.","og_url":"https:\/\/jaynolan.org\/es\/como-se-ve-en-el-acto-de-equilibrio\/","og_site_name":"Jay Nolan Community Services","article_publisher":"https:\/\/www.facebook.com\/JayNolanCommunityServices\/","article_published_time":"2025-02-24T22:17:46+00:00","article_modified_time":"2025-10-10T05:26:51+00:00","og_image":[{"width":1280,"height":720,"url":"https:\/\/jaynolan.org\/wp-content\/uploads\/2025\/02\/video-thumbnails.jpg","type":"image\/jpeg"}],"author":"Marina Gavryushkina","twitter_card":"summary_large_image","twitter_creator":"@jaynolanorg","twitter_site":"@jaynolanorg","twitter_misc":{"Escrito por":"Marina Gavryushkina","Tiempo de lectura":"1 minuto"},"schema":{"@context":"https:\/\/schema.org","@graph":[{"@type":"Article","@id":"https:\/\/jaynolan.org\/es\/como-se-ve-en-el-acto-de-equilibrio\/#article","isPartOf":{"@id":"https:\/\/jaynolan.org\/es\/como-se-ve-en-el-acto-de-equilibrio\/"},"author":{"name":"Marina Gavryushkina","@id":"https:\/\/jaynolan.org\/es\/#\/schema\/person\/14248571453a8e9c117019f8ed491cc2"},"headline":"Como se ve en El Acto de Equilibrio","datePublished":"2025-02-24T22:17:46+00:00","dateModified":"2025-10-10T05:26:51+00:00","mainEntityOfPage":{"@id":"https:\/\/jaynolan.org\/es\/como-se-ve-en-el-acto-de-equilibrio\/"},"wordCount":245,"commentCount":0,"publisher":{"@id":"https:\/\/jaynolan.org\/es\/#organization"},"image":{"@id":"https:\/\/jaynolan.org\/es\/como-se-ve-en-el-acto-de-equilibrio\/#primaryimage"},"thumbnailUrl":"https:\/\/jaynolan.org\/wp-content\/uploads\/2025\/02\/video-thumbnails.jpg","articleSection":["P\u00e1gina delantera","Televisi\u00f3n y medios"],"inLanguage":"es","potentialAction":[{"@type":"CommentAction","name":"Comment","target":["https:\/\/jaynolan.org\/es\/como-se-ve-en-el-acto-de-equilibrio\/#respond"]}]},{"@type":"WebPage","@id":"https:\/\/jaynolan.org\/es\/como-se-ve-en-el-acto-de-equilibrio\/","url":"https:\/\/jaynolan.org\/es\/como-se-ve-en-el-acto-de-equilibrio\/","name":"Como se ve en El Acto de Equilibrio - Jay Nolan Community Services","isPartOf":{"@id":"https:\/\/jaynolan.org\/es\/#website"},"primaryImageOfPage":{"@id":"https:\/\/jaynolan.org\/es\/como-se-ve-en-el-acto-de-equilibrio\/#primaryimage"},"image":{"@id":"https:\/\/jaynolan.org\/es\/como-se-ve-en-el-acto-de-equilibrio\/#primaryimage"},"thumbnailUrl":"https:\/\/jaynolan.org\/wp-content\/uploads\/2025\/02\/video-thumbnails.jpg","datePublished":"2025-02-24T22:17:46+00:00","dateModified":"2025-10-10T05:26:51+00:00","description":"Vea nuestro art\u00edculo especial de 30 minutos sobre The Balancing Act, que celebra nuestro 50.\u00ba aniversario y destaca nuestro impacto en la comunidad autista.","breadcrumb":{"@id":"https:\/\/jaynolan.org\/es\/como-se-ve-en-el-acto-de-equilibrio\/#breadcrumb"},"inLanguage":"es","potentialAction":[{"@type":"ReadAction","target":["https:\/\/jaynolan.org\/es\/como-se-ve-en-el-acto-de-equilibrio\/"]}]},{"@type":"ImageObject","inLanguage":"es","@id":"https:\/\/jaynolan.org\/es\/como-se-ve-en-el-acto-de-equilibrio\/#primaryimage","url":"https:\/\/jaynolan.org\/wp-content\/uploads\/2025\/02\/video-thumbnails.jpg","contentUrl":"https:\/\/jaynolan.org\/wp-content\/uploads\/2025\/02\/video-thumbnails.jpg","width":1280,"height":720,"caption":"Video thumbnail featuring three scenes of individuals served by Jay Nolan Services and Jay Nolan staff having a great time out in the community. Text reads: \"Building Support & Inclusion: Jay Nolan Community Services on The Balancing Act\""},{"@type":"BreadcrumbList","@id":"https:\/\/jaynolan.org\/es\/como-se-ve-en-el-acto-de-equilibrio\/#breadcrumb","itemListElement":[{"@type":"ListItem","position":1,"name":"Home","item":"https:\/\/jaynolan.org\/es\/"},{"@type":"ListItem","position":2,"name":"Como se ve en El Acto de Equilibrio"}]},{"@type":"WebSite","@id":"https:\/\/jaynolan.org\/es\/#website","url":"https:\/\/jaynolan.org\/es\/","name":"Jay Nolan Community Services","description":"Making a difference since 1975","publisher":{"@id":"https:\/\/jaynolan.org\/es\/#organization"},"potentialAction":[{"@type":"SearchAction","target":{"@type":"EntryPoint","urlTemplate":"https:\/\/jaynolan.org\/es\/?s={search_term_string}"},"query-input":{"@type":"PropertyValueSpecification","valueRequired":true,"valueName":"search_term_string"}}],"inLanguage":"es"},{"@type":"Organization","@id":"https:\/\/jaynolan.org\/es\/#organization","name":"Jay Nolan Community Service","url":"https:\/\/jaynolan.org\/es\/","logo":{"@type":"ImageObject","inLanguage":"es","@id":"https:\/\/jaynolan.org\/es\/#\/schema\/logo\/image\/","url":"https:\/\/jaynolan.org\/wp-content\/uploads\/2019\/04\/jncs6.png","contentUrl":"https:\/\/jaynolan.org\/wp-content\/uploads\/2019\/04\/jncs6.png","width":200,"height":60,"caption":"Jay Nolan Community Service"},"image":{"@id":"https:\/\/jaynolan.org\/es\/#\/schema\/logo\/image\/"},"sameAs":["https:\/\/www.facebook.com\/JayNolanCommunityServices\/","https:\/\/x.com\/jaynolanorg","https:\/\/www.linkedin.com\/company\/jay-nolan-community-services"]},{"@type":"Person","@id":"https:\/\/jaynolan.org\/es\/#\/schema\/person\/14248571453a8e9c117019f8ed491cc2","name":"Marina Gavryushkina","description":"Marina is the Manager of Communications &amp; Development at Jay Nolan Community Services. Her role includes outreach and spreading awareness of the mission of the organization through storytelling, social media, and other online communications efforts. Marina is a lifelong learner and holds as a Bachelors degree from the University of California, Berkeley, and an Masters degree from Leiden University in the Netherlands."}]}},"_links":{"self":[{"href":"https:\/\/jaynolan.org\/es\/wp-json\/wp\/v2\/posts\/26848","targetHints":{"allow":["GET"]}}],"collection":[{"href":"https:\/\/jaynolan.org\/es\/wp-json\/wp\/v2\/posts"}],"about":[{"href":"https:\/\/jaynolan.org\/es\/wp-json\/wp\/v2\/types\/post"}],"author":[{"embeddable":true,"href":"https:\/\/jaynolan.org\/es\/wp-json\/wp\/v2\/users\/4"}],"replies":[{"embeddable":true,"href":"https:\/\/jaynolan.org\/es\/wp-json\/wp\/v2\/comments?post=26848"}],"version-history":[{"count":1,"href":"https:\/\/jaynolan.org\/es\/wp-json\/wp\/v2\/posts\/26848\/revisions"}],"predecessor-version":[{"id":30619,"href":"https:\/\/jaynolan.org\/es\/wp-json\/wp\/v2\/posts\/26848\/revisions\/30619"}],"wp:featuredmedia":[{"embeddable":true,"href":"https:\/\/jaynolan.org\/es\/wp-json\/wp\/v2\/media\/26840"}],"wp:attachment":[{"href":"https:\/\/jaynolan.org\/es\/wp-json\/wp\/v2\/media?parent=26848"}],"wp:term":[{"taxonomy":"category","embeddable":true,"href":"https:\/\/jaynolan.org\/es\/wp-json\/wp\/v2\/categories?post=26848"},{"taxonomy":"post_tag","embeddable":true,"href":"https:\/\/jaynolan.org\/es\/wp-json\/wp\/v2\/tags?post=26848"}],"curies":[{"name":"wp","href":"https:\/\/api.w.org\/{rel}","templated":true}]}}